{"id":9690,"date":"2026-09-05T13:32:39","date_gmt":"2026-09-05T12:32:39","guid":{"rendered":"https:\/\/ikuk.arminfonews.ru\/?p=9690"},"modified":"2026-09-05T13:32:40","modified_gmt":"2026-09-05T12:32:40","slug":"v-75-letech-se-odmita-oblekat-podle-predstav-ostatnich","status":"publish","type":"post","link":"https:\/\/ikuk.arminfonews.ru\/?p=9690","title":{"rendered":"V 75 letech se odm\u00edt\u00e1 obl\u00e9kat podle p\u0159edstav ostatn\u00edch"},"content":{"rendered":"\n<p class=\"wp-block-paragraph\">Existuje jedno nepsan\u00e9 pravidlo, se kter\u00fdm se mnoho \u017een za\u010d\u00edn\u00e1 setk\u00e1vat s p\u0159ib\u00fdvaj\u00edc\u00edm v\u011bkem: m\u011bly by b\u00fdt m\u00e9n\u011b n\u00e1padn\u00e9. Nosit tlumen\u011bj\u0161\u00ed barvy. Volit bezpe\u010dn\u011bj\u0161\u00ed oble\u010den\u00ed. Vyh\u00fdbat se v\u0161emu, co je pova\u017eov\u00e1no za p\u0159\u00edli\u0161 kr\u00e1tk\u00e9, p\u0159\u00edli\u0161 p\u0159il\u00e9hav\u00e9, p\u0159\u00edli\u0161 v\u00fdrazn\u00e9 nebo p\u0159\u00edli\u0161 m\u00f3dn\u00ed. Nikde to sice nen\u00ed ofici\u00e1ln\u011b naps\u00e1no, p\u0159esto se s podobn\u00fdmi o\u010dek\u00e1v\u00e1n\u00edmi lze setkat t\u00e9m\u011b\u0159 v\u0161ude \u2013 od pozn\u00e1mek p\u0159\u00edbuzn\u00fdch a\u017e po koment\u00e1\u0159e \u00fapln\u011b ciz\u00edch lid\u00ed.<\/p>\n\n\n\n<p class=\"wp-block-paragraph\">Jedna 75let\u00e1 \u017eena se ocitla p\u0159esn\u011b uprost\u0159ed podobn\u00e9 debaty. Jej\u00ed zp\u016fsob obl\u00e9k\u00e1n\u00ed vyvol\u00e1v\u00e1 kritiku lid\u00ed, kte\u0159\u00ed se domn\u00edvaj\u00ed, \u017ee n\u011bkter\u00e9 styly u\u017e v ur\u010dit\u00e9m v\u011bku nejsou \u201evhodn\u00e9\u201c.<\/p>\n\n\n\n<p class=\"wp-block-paragraph\">Ona na to v\u0161ak odpov\u00edd\u00e1 naprosto jednodu\u0161e: \u201eJe moje pr\u00e1vo rozhodnout se, jak se chci obl\u00e9kat.\u201c<\/p>\n\n\n\n<figure class=\"wp-block-image size-large\"><img loading=\"lazy\" decoding=\"async\" width=\"1024\" height=\"538\" src=\"https:\/\/ikuk.arminfonews.ru\/wp-content\/uploads\/2026\/09\/56223-1024x538.png\" alt=\"\" class=\"wp-image-9691\" srcset=\"https:\/\/ikuk.arminfonews.ru\/wp-content\/uploads\/2026\/09\/56223-1024x538.png 1024w, https:\/\/ikuk.arminfonews.ru\/wp-content\/uploads\/2026\/09\/56223-300x158.png 300w, https:\/\/ikuk.arminfonews.ru\/wp-content\/uploads\/2026\/09\/56223-767x403.png 767w, https:\/\/ikuk.arminfonews.ru\/wp-content\/uploads\/2026\/09\/56223-1536x807.png 1536w, https:\/\/ikuk.arminfonews.ru\/wp-content\/uploads\/2026\/09\/56223.png 1731w\" sizes=\"auto, (max-width: 1024px) 100vw, 1024px\" \/><\/figure>\n\n\n\n<p class=\"wp-block-paragraph\">Za touto kr\u00e1tkou v\u011btou se skr\u00fdv\u00e1 mnohem v\u011bt\u0161\u00ed ot\u00e1zka. Pro\u010d by m\u011bl ur\u010dit\u00fd po\u010det sv\u00ed\u010dek na narozeninov\u00e9m dortu najednou d\u00e1vat ostatn\u00edm pr\u00e1vo rozhodovat o \u0161atn\u00edku dosp\u011bl\u00e9ho \u010dlov\u011bka?<\/p>\n\n\n\n<h3 class=\"wp-block-heading\">Kdy\u017e se z oble\u010den\u00ed stane ot\u00e1zka v\u011bku<\/h3>\n\n\n\n<p class=\"wp-block-paragraph\">M\u00f3da v\u017edy znamenala v\u00edc ne\u017e jen praktickou ochranu t\u011bla. Oble\u010den\u00ed m\u016f\u017ee vyjad\u0159ovat osobnost, kulturu, povol\u00e1n\u00ed, n\u00e1ladu i osobn\u00ed vkus. P\u0159esto se s v\u011bkem \u010dasto m\u011bn\u00ed zp\u016fsob, jak\u00fdm lid\u00e9 stejn\u00e9 oble\u010den\u00ed hodnot\u00ed.<\/p>\n\n\n\n<p class=\"wp-block-paragraph\">Barevn\u00fd nebo m\u00f3dn\u00ed outfit mlad\u0161\u00ed \u017eeny m\u016f\u017ee b\u00fdt ozna\u010den za sebev\u011bdom\u00fd a stylov\u00fd. Kdy\u017e si n\u011bco podobn\u00e9ho obl\u00e9kne star\u0161\u00ed \u017eena, rozhovor se n\u011bkdy okam\u017eit\u011b sto\u010d\u00ed k tomu, zda se nesna\u017e\u00ed vypadat p\u0159\u00edli\u0161 mlad\u011b nebo zda se obl\u00e9k\u00e1 \u201ep\u0159im\u011b\u0159en\u011b sv\u00e9mu v\u011bku\u201c.<\/p>\n\n\n\n<p class=\"wp-block-paragraph\">Tento rozd\u00edl ukazuje n\u011bco d\u016fle\u017eit\u00e9ho: kritika \u010dasto ve skute\u010dnosti v\u016fbec nen\u00ed o samotn\u00e9m oble\u010den\u00ed.<\/p>\n\n\n\n<p class=\"wp-block-paragraph\">Jde sp\u00ed\u0161e o o\u010dek\u00e1v\u00e1n\u00ed.<\/p>\n\n\n\n<p class=\"wp-block-paragraph\">Ve spole\u010dnosti dlouhodob\u011b existuj\u00ed ur\u010dit\u00e9 p\u0159edstavy o tom, jak by m\u011bl vypadat \u017eivot ve vy\u0161\u0161\u00edm v\u011bku. Od star\u0161\u00edch lid\u00ed se n\u011bkdy o\u010dek\u00e1v\u00e1, \u017ee budou klidn\u011bj\u0161\u00ed a konzervativn\u011bj\u0161\u00ed nejen sv\u00fdm chov\u00e1n\u00edm, ale tak\u00e9 vzhledem. P\u0159edev\u0161\u00edm \u017eeny byly historicky vystaveny tlaku, aby se s p\u0159ib\u00fdvaj\u00edc\u00edm v\u011bkem st\u00e1valy m\u00e9n\u011b n\u00e1padn\u00fdmi.<\/p>\n\n\n\n<p class=\"wp-block-paragraph\">Osobnost \u010dlov\u011bka ale nezmiz\u00ed v okam\u017eiku odchodu do d\u016fchodu.<\/p>\n\n\n\n<p class=\"wp-block-paragraph\">\u017dena, kterou bavila m\u00f3da ve t\u0159iceti, ji m\u016f\u017ee milovat i v p\u011btasedmdes\u00e1ti. \u010clov\u011bk, kter\u00fd cel\u00fd \u017eivot nosil v\u00fdrazn\u00e9 barvy, nemus\u00ed za\u010d\u00edt automaticky preferovat b\u00e9\u017eovou jen proto, \u017ee uplynulo n\u011bkolik desetilet\u00ed. Styl se m\u016f\u017ee s v\u011bkem vyv\u00edjet, ale v\u00fdvoj nen\u00ed tot\u00e9\u017e jako rezignace.<\/p>\n\n\n\n<h3 class=\"wp-block-heading\">Kdo rozhoduje o tom, co je \u201ep\u0159im\u011b\u0159en\u00e9 v\u011bku\u201c?<\/h3>\n\n\n\n<p class=\"wp-block-paragraph\">V\u00fdraz \u201eobl\u00e9kej se podle sv\u00e9ho v\u011bku\u201c zn\u00ed jednodu\u0161e, dokud se nepokus\u00edme p\u0159esn\u011b vysv\u011btlit, co vlastn\u011b znamen\u00e1.<\/p>\n\n\n\n<p class=\"wp-block-paragraph\">Jak p\u0159esn\u011b by se tedy m\u011bla obl\u00e9kat 75let\u00e1 \u017eena?<\/p>\n\n\n\n<p class=\"wp-block-paragraph\">Univerz\u00e1ln\u00ed odpov\u011b\u010f neexistuje. P\u0159edstavy o vhodn\u00e9m oble\u010den\u00ed se v\u00fdrazn\u011b li\u0161\u00ed podle kultury, spole\u010dnosti, generace i jednotlivce. Outfit, kter\u00fd n\u011bkde vyvol\u00e1 pozornost, m\u016f\u017ee b\u00fdt na jin\u00e9m m\u00edst\u011b naprosto b\u011b\u017en\u00fd.<\/p>\n\n\n\n<p class=\"wp-block-paragraph\">Dokonce i \u010dlenov\u00e9 jedn\u00e9 rodiny mohou m\u00edt zcela odli\u0161n\u00e9 n\u00e1zory.<\/p>\n\n\n\n<p class=\"wp-block-paragraph\">Pojem \u201ep\u0159im\u011b\u0159en\u00e9 v\u011bku\u201c je proto velmi pru\u017en\u00fd. N\u011bkdy skute\u010dn\u011b ozna\u010duje praktick\u00e9 okolnosti, nap\u0159\u00edklad pohodl\u00ed nebo pravidla obl\u00e9k\u00e1n\u00ed p\u0159i konkr\u00e9tn\u00ed p\u0159\u00edle\u017eitosti. Jindy se v\u0161ak m\u016f\u017ee st\u00e1t zdvo\u0159ile zn\u011bj\u00edc\u00edm zp\u016fsobem, jak n\u011bkomu sd\u011blit, \u017ee ostatn\u00edm vad\u00ed jeho sebevyj\u00e1d\u0159en\u00ed.<\/p>\n\n\n\n<p class=\"wp-block-paragraph\">Je d\u016fle\u017eit\u00e9 rozli\u0161ovat mezi oble\u010den\u00edm vhodn\u00fdm pro konkr\u00e9tn\u00ed situaci a p\u0159edstavou, \u017ee dosp\u011bl\u00fd \u010dlov\u011bk kv\u016fli sv\u00e9mu v\u011bku ztr\u00e1c\u00ed pr\u00e1vo rozhodovat s\u00e1m za sebe.<\/p>\n\n\n\n<p class=\"wp-block-paragraph\">Svatba m\u016f\u017ee m\u00edt stanoven\u00fd dress code. Zam\u011bstn\u00e1n\u00ed m\u016f\u017ee vy\u017eadovat ur\u010dit\u00fd typ oble\u010den\u00ed. Po\u010das\u00ed a bezpe\u010dnost mohou p\u0159in\u00e1\u0161et praktick\u00e1 omezen\u00ed. Samotn\u00fd v\u011bk v\u0161ak nevytv\u00e1\u0159\u00ed \u017e\u00e1dnou univerz\u00e1ln\u00ed uniformu.<\/p>\n\n\n\n<h3 class=\"wp-block-heading\">Sebev\u011bdom\u00ed nem\u00e1 datum spot\u0159eby<\/h3>\n\n\n\n<p class=\"wp-block-paragraph\">Reakce t\u00e9to \u017eeny zaujala pr\u00e1v\u011b proto, \u017ee zd\u016fraz\u0148uje osobn\u00ed svobodu, ani\u017e by vy\u017eadovala, aby se jej\u00ed styl l\u00edbil \u00fapln\u011b ka\u017ed\u00e9mu.<\/p>\n\n\n\n<p class=\"wp-block-paragraph\">A to je d\u016fle\u017eit\u00fd rozd\u00edl.<\/p>\n\n\n\n<p class=\"wp-block-paragraph\">Svoboda sebevyj\u00e1d\u0159en\u00ed neznamen\u00e1, \u017ee ka\u017ed\u00fd mus\u00ed obdivovat ka\u017ed\u00fd outfit. Lid\u00e9 maj\u00ed p\u0159irozen\u011b rozd\u00edln\u00fd vkus. N\u011bkomu se nemus\u00ed l\u00edbit \u0161aty, \u00fa\u010des nebo boty jin\u00e9ho \u010dlov\u011bka. Osobn\u00ed preference jsou v\u0161ak n\u011bco jin\u00e9ho ne\u017e p\u0159esv\u011bd\u010den\u00ed, \u017ee by se druh\u00fd m\u011bl zm\u011bnit jen proto, aby vyhov\u011bl na\u0161emu vkusu.<\/p>\n\n\n\n<p class=\"wp-block-paragraph\">V 75 letech m\u00e1 \u010dlov\u011bk za sebou des\u00edtky let zku\u0161enost\u00ed a rozhodov\u00e1n\u00ed o vlastn\u00edm \u017eivot\u011b. Bylo by zvl\u00e1\u0161tn\u00ed tvrdit, \u017ee po v\u0161ech t\u011bch letech najednou pot\u0159ebuje ciz\u00ed lidi, aby rozhodovali, zda jsou jeho \u0161aty, sukn\u011b nebo sako p\u0159ijateln\u00e9.<\/p>\n\n\n\n<p class=\"wp-block-paragraph\">Pro mnoho lid\u00ed je oble\u010den\u00ed tak\u00e9 d\u016fle\u017eitou sou\u010d\u00e1st\u00ed sebev\u011bdom\u00ed.<\/p>\n\n\n\n<p class=\"wp-block-paragraph\">Obl\u00e9k\u00e1n\u00ed m\u016f\u017ee b\u00fdt kreativn\u00ed \u010dinnost\u00ed. V\u00fdb\u011br outfitu m\u016f\u017ee zm\u011bnit n\u00e1ladu oby\u010dejn\u00e9ho r\u00e1na. Obl\u00edben\u00e9 \u0161aty mohou p\u0159ipom\u00ednat d\u016fle\u017eitou \u017eivotn\u00ed ud\u00e1lost, zat\u00edmco nov\u00fd v\u00fdrazn\u00fd kousek m\u016f\u017ee symbolizovat zv\u011bdavost a chu\u0165 d\u00e1l experimentovat.<\/p>\n\n\n\n<p class=\"wp-block-paragraph\">\u017d\u00e1dn\u00e1 z t\u011bchto zku\u0161enost\u00ed nen\u00ed vyhrazena pouze mlad\u00fdm lidem.<\/p>\n\n\n\n<h3 class=\"wp-block-heading\">Dvoj\u00ed metr p\u0159i st\u00e1rnut\u00ed<\/h3>\n\n\n\n<p class=\"wp-block-paragraph\">Debaty o star\u0161\u00edch \u017een\u00e1ch a jejich oble\u010den\u00ed z\u00e1rove\u0148 upozor\u0148uj\u00ed na \u0161ir\u0161\u00ed dvoj\u00ed metr.<\/p>\n\n\n\n<p class=\"wp-block-paragraph\">Tak\u00e9 mu\u017ei samoz\u0159ejm\u011b \u010del\u00ed o\u010dek\u00e1v\u00e1n\u00edm spojen\u00fdm s v\u011bkem, ale \u017eeny byly tradi\u010dn\u011b vystaveny mimo\u0159\u00e1dn\u011b siln\u00e9mu hodnocen\u00ed sv\u00e9ho vzhledu. Na jedn\u00e9 stran\u011b se od nich o\u010dek\u00e1v\u00e1, \u017ee budou vypadat mladistv\u011b, na druh\u00e9 stran\u011b mohou b\u00fdt kritizov\u00e1ny, pokud se podle n\u011bkoho sna\u017e\u00ed vypadat p\u0159\u00edli\u0161 mlad\u011b.<\/p>\n\n\n\n<p class=\"wp-block-paragraph\">Tomuto rozporu se prakticky ned\u00e1 vyhov\u011bt.<\/p>\n\n\n\n<p class=\"wp-block-paragraph\">Pokud \u017eena nech\u00e1 p\u0159irozen\u00e9 zn\u00e1mky st\u00e1rnut\u00ed viditeln\u00e9, n\u011bkdo j\u00ed m\u016f\u017ee doporu\u010dit, aby ud\u011blala n\u011bco pro mlad\u0161\u00ed vzhled. Kdy\u017e si obl\u00e9kne modern\u00ed oble\u010den\u00ed, n\u011bkdo jin\u00fd ji m\u016f\u017ee obvinit z toho, \u017ee odm\u00edt\u00e1 p\u0159ijmout sv\u016fj v\u011bk.<\/p>\n\n\n\n<p class=\"wp-block-paragraph\">Jin\u00fdmi slovy, takov\u00e1 pravidla mohou b\u00fdt nesplniteln\u00e1 u\u017e od samotn\u00e9ho za\u010d\u00e1tku, proto\u017ee si navz\u00e1jem odporuj\u00ed.<\/p>\n\n\n\n<p class=\"wp-block-paragraph\">Zdrav\u011bj\u0161\u00ed p\u0159\u00edstup m\u016f\u017ee spo\u010d\u00edvat v tom, \u017ee p\u0159estaneme pova\u017eovat ml\u00e1d\u00ed za m\u011b\u0159\u00edtko, podle kter\u00e9ho hodnot\u00edme v\u0161echny ostatn\u00ed \u017eivotn\u00ed etapy.<\/p>\n\n\n\n<p class=\"wp-block-paragraph\">B\u00fdt v 75 letech neznamen\u00e1 ne\u00fasp\u011b\u0161n\u011b se sna\u017eit b\u00fdt znovu p\u011btat\u0159icetilet\u00fd. Je to samostatn\u00e1 \u017eivotn\u00ed etapa se sv\u00fdmi zku\u0161enostmi, svobodami a mo\u017enostmi.<\/p>\n\n\n\n<h3 class=\"wp-block-heading\">M\u00f3da se m\u016f\u017ee m\u011bnit spole\u010dn\u011b s n\u00e1mi<\/h3>\n\n\n\n<p class=\"wp-block-paragraph\">Odm\u00edtnut\u00ed v\u011bkov\u00fdch omezen\u00ed neznamen\u00e1 p\u0159edst\u00edrat, \u017ee se lid\u00e9 nikdy nem\u011bn\u00ed.<\/p>\n\n\n\n<p class=\"wp-block-paragraph\">T\u011blo se m\u011bn\u00ed. Priority se m\u011bn\u00ed. Pohodl\u00ed m\u016f\u017ee z\u00edsk\u00e1vat v\u011bt\u0161\u00ed v\u00fdznam. N\u011bkter\u00e9 materi\u00e1ly, boty nebo st\u0159ihy u\u017e \u010dlov\u011bku nemus\u00ed vyhovovat. Mnoho lid\u00ed proto sv\u016fj \u0161atn\u00edk s p\u0159ib\u00fdvaj\u00edc\u00edm v\u011bkem p\u0159irozen\u011b upravuje.<\/p>\n\n\n\n<p class=\"wp-block-paragraph\">Existuje v\u0161ak z\u00e1sadn\u00ed rozd\u00edl mezi zm\u011bnou, kterou \u010dlov\u011bk ud\u011bl\u00e1 proto, \u017ee ji s\u00e1m chce, a zm\u011bnou zp\u016fsobenou t\u00edm, \u017ee ho n\u011bkdo zahanbil.<\/p>\n\n\n\n<p class=\"wp-block-paragraph\">Osobn\u00ed styl se m\u016f\u017ee p\u0159izp\u016fsobovat, ani\u017e by musel zmizet.<\/p>\n\n\n\n<p class=\"wp-block-paragraph\">Star\u0161\u00ed \u010dlov\u011bk m\u016f\u017ee kombinovat pohodln\u00e9 oble\u010den\u00ed s v\u00fdrazn\u00fdmi dopl\u0148ky. Jin\u00e1 \u017eena m\u016f\u017ee d\u00e1l nosit podobn\u00e9 \u0161aty, jak\u00e9 milovala p\u0159ed n\u011bkolika desetilet\u00edmi. N\u011bkdo dal\u0161\u00ed m\u016f\u017ee po odchodu do d\u016fchodu sv\u016fj vzhled \u00fapln\u011b zm\u011bnit, proto\u017ee u\u017e nen\u00ed sv\u00e1z\u00e1n pravidly pracovn\u00edho prost\u0159ed\u00ed.<\/p>\n\n\n\n<p class=\"wp-block-paragraph\">Neexistuje jedin\u00fd spr\u00e1vn\u00fd zp\u016fsob, jak st\u00e1rnout.<\/p>\n\n\n\n<p class=\"wp-block-paragraph\">Mo\u017en\u00e1 pr\u00e1v\u011b proto p\u0159\u00edb\u011bhy star\u0161\u00edch lid\u00ed, kte\u0159\u00ed odm\u00edtaj\u00ed m\u00f3dn\u00ed stereotypy, p\u0159itahuj\u00ed tolik pozornosti. Nabour\u00e1vaj\u00ed toti\u017e p\u0159edstavu o st\u00e1rnut\u00ed, kterou mnoz\u00ed p\u0159ijali, ani\u017e by nad n\u00ed n\u011bkdy skute\u010dn\u011b p\u0159em\u00fd\u0161leli.<\/p>\n\n\n\n<h3 class=\"wp-block-heading\">Star\u0161\u00ed lid\u00e9 jsou st\u00e1le v\u00edce vid\u011bt<\/h3>\n\n\n\n<p class=\"wp-block-paragraph\">Tato debata z\u00edsk\u00e1v\u00e1 na v\u00fdznamu tak\u00e9 proto, \u017ee lid\u00e9 \u017eij\u00ed d\u00e9le a star\u0161\u00ed generace z\u016fst\u00e1vaj\u00ed aktivn\u00ed sou\u010d\u00e1st\u00ed ve\u0159ejn\u00e9ho a spole\u010densk\u00e9ho \u017eivota.<\/p>\n\n\n\n<p class=\"wp-block-paragraph\">Star\u0161\u00ed lid\u00e9 cestuj\u00ed, sportuj\u00ed, pracuj\u00ed, zakl\u00e1daj\u00ed podniky, pou\u017e\u00edvaj\u00ed soci\u00e1ln\u00ed s\u00edt\u011b, navazuj\u00ed vztahy, objevuj\u00ed nov\u00e9 kon\u00ed\u010dky a sleduj\u00ed kulturn\u00ed trendy. M\u00f3da je p\u0159irozenou sou\u010d\u00e1st\u00ed tohoto \u017eivota.<\/p>\n\n\n\n<p class=\"wp-block-paragraph\">Soci\u00e1ln\u00ed s\u00edt\u011b nav\u00edc zv\u00fd\u0161ily viditelnost star\u0161\u00edch tv\u016frc\u016f. M\u00edsto toho, aby lid\u00e9 sledovali m\u00f3du t\u00e9m\u011b\u0159 v\u00fdhradn\u011b prost\u0159ednictv\u00edm mlad\u00fdch modelek a celebrit, mohou dnes st\u00e1le \u010dast\u011bji vid\u011bt lidi ve v\u011bku 60, 70 nebo v\u00edce let, kte\u0159\u00ed prezentuj\u00ed vlastn\u00ed styl podle sv\u00fdch p\u0159edstav.<\/p>\n\n\n\n<p class=\"wp-block-paragraph\">Takov\u00e1 viditelnost dok\u00e1\u017ee zpochyb\u0148ovat stereotypy.<\/p>\n\n\n\n<p class=\"wp-block-paragraph\">Mlad\u0161\u00edm lidem z\u00e1rove\u0148 p\u0159ipom\u00edn\u00e1 n\u011bco, na co se snadno zapom\u00edn\u00e1: st\u00e1rnut\u00ed nen\u00ed zvl\u00e1\u0161tn\u00ed ud\u00e1lost, kter\u00e1 se t\u00fdk\u00e1 pouze n\u011bkoho jin\u00e9ho. Pro ka\u017ed\u00e9ho, kdo m\u00e1 \u0161t\u011bst\u00ed na dlouh\u00fd \u017eivot, p\u0159edstavuje jeho vlastn\u00ed budoucnost.<\/p>\n\n\n\n<p class=\"wp-block-paragraph\">Pravidla, kter\u00e1 spole\u010dnost dnes vytv\u00e1\u0159\u00ed pro star\u0161\u00ed lidi, se jednou mohou st\u00e1t pravidly, s nimi\u017e se budou muset vyrovn\u00e1vat dne\u0161n\u00ed mlad\u0161\u00ed generace.<\/p>\n\n\n\n<h3 class=\"wp-block-heading\">Respekt neznamen\u00e1, \u017ee mus\u00edme souhlasit<\/h3>\n\n\n\n<p class=\"wp-block-paragraph\">Je f\u00e9r p\u0159ipustit tak\u00e9 druhou str\u00e1nku. R\u016fzn\u00e9 generace mohou m\u00edt skute\u010dn\u011b velmi odli\u0161n\u00e9 p\u0159edstavy o obl\u00e9k\u00e1n\u00ed. \u010clov\u011bka, kter\u00fd vyr\u016fstal v konzervativn\u011bj\u0161\u00edm prost\u0159ed\u00ed, m\u016f\u017ee ur\u010dit\u00fd outfit up\u0159\u00edmn\u011b p\u0159ekvapit.<\/p>\n\n\n\n<p class=\"wp-block-paragraph\">Takov\u00e1 reakce sama o sob\u011b nemus\u00ed b\u00fdt zlomysln\u00e1.<\/p>\n\n\n\n<p class=\"wp-block-paragraph\">Rozhoduj\u00edc\u00ed je, co n\u00e1sleduje potom.<\/p>\n\n\n\n<p class=\"wp-block-paragraph\">Lid\u00e9 mohou m\u00edt rozd\u00edln\u00e9 n\u00e1zory, ani\u017e by z nich vytv\u00e1\u0159eli pravidla pro \u017eivot n\u011bkoho jin\u00e9ho. P\u0159\u00edbuzn\u00fd m\u016f\u017ee preferovat tradi\u010dn\u00ed oble\u010den\u00ed. P\u0159\u00edtel si m\u016f\u017ee myslet, \u017ee jin\u00fd outfit by vypadal l\u00e9pe. Ciz\u00edmu \u010dlov\u011bku na internetu se nemus\u00ed dan\u00fd styl l\u00edbit v\u016fbec.<\/p>\n\n\n\n<p class=\"wp-block-paragraph\">Nic z toho v\u0161ak nebere \u010dlov\u011bku pr\u00e1vo rozhodnout se, co si obl\u00e9kne.<\/p>\n\n\n\n<p class=\"wp-block-paragraph\">Respekt nevy\u017eaduje stejn\u00fd vkus. Vy\u017eaduje pouze pochopen\u00ed toho, kde za\u010d\u00edn\u00e1 svoboda druh\u00e9ho dosp\u011bl\u00e9ho \u010dlov\u011bka.<\/p>\n\n\n\n<h3 class=\"wp-block-heading\">St\u00e1rnout neznamen\u00e1 st\u00e1t se neviditeln\u00fdm<\/h3>\n\n\n\n<p class=\"wp-block-paragraph\">Mo\u017en\u00e1 nejzaj\u00edmav\u011bj\u0161\u00ed \u010d\u00e1st cel\u00e9ho p\u0159\u00edb\u011bhu nespo\u010d\u00edv\u00e1 v \u017e\u00e1dn\u00e9m konkr\u00e9tn\u00edm kusu oble\u010den\u00ed. Podstatn\u00e9 je odm\u00edtnut\u00ed p\u0159edstavy, \u017ee st\u00e1rnut\u00ed mus\u00ed znamenat postupn\u00e9 vzd\u00e1v\u00e1n\u00ed se sebevyj\u00e1d\u0159en\u00ed.<\/p>\n\n\n\n<p class=\"wp-block-paragraph\">\u010clov\u011bk nep\u0159est\u00e1v\u00e1 m\u00edt vlastn\u00ed preference jen proto, \u017ee se zm\u011bnilo \u010d\u00edslo ozna\u010duj\u00edc\u00ed jeho v\u011bk.<\/p>\n\n\n\n<p class=\"wp-block-paragraph\">I v 75 letech m\u016f\u017ee m\u00edt n\u011bkdo r\u00e1d kr\u00e1su, pozornost, experimentov\u00e1n\u00ed a individualitu. M\u016f\u017ee b\u00fdt elegantn\u00ed, nekonven\u010dn\u00ed, v\u00fdrazn\u00fd, nen\u00e1padn\u00fd nebo cokoli mezi t\u00edm. M\u016f\u017ee pokra\u010dovat ve stylu, kter\u00fd miluje u\u017e \u010dty\u0159icet let, nebo se m\u016f\u017ee z\u00edtra r\u00e1no probudit a vyzkou\u0161et n\u011bco \u00fapln\u011b nov\u00e9ho.<\/p>\n\n\n\n<p class=\"wp-block-paragraph\">Stejn\u011b tak neexistuje povinnost vypadat mlad\u0161\u00ed. Svoboda v obl\u00e9k\u00e1n\u00ed by se nem\u011bla zm\u011bnit v dal\u0161\u00ed po\u017eadavek na boj proti st\u00e1rnut\u00ed. Nejde o to, \u017ee by ka\u017ed\u00e1 star\u0161\u00ed \u017eena m\u011bla nosit odv\u00e1\u017en\u00e9 oble\u010den\u00ed. Jde o to, \u017ee by m\u011bla m\u00edt mo\u017enost sama rozhodnout, zda ho nosit chce.<\/p>\n\n\n\n<p class=\"wp-block-paragraph\">N\u011bkter\u00e9 \u017eeny d\u00e1vaj\u00ed p\u0159ednost konzervativn\u00edmu \u0161atn\u00edku. Jin\u00e9 miluj\u00ed v\u00fdraznou m\u00f3du. Pokud jde o jejich vlastn\u00ed svobodn\u00e9 rozhodnut\u00ed, ob\u011b mo\u017enosti si zaslou\u017e\u00ed stejn\u00fd z\u00e1kladn\u00ed respekt.<\/p>\n\n\n\n<p class=\"wp-block-paragraph\">V\u00fdrok \u201eJe moje pr\u00e1vo rozhodnout se, jak se chci obl\u00e9kat\u201c je nakonec mnohem v\u00edc ne\u017e jen prohl\u00e1\u0161en\u00ed o m\u00f3d\u011b. Je to vyj\u00e1d\u0159en\u00ed pr\u00e1va zachovat si kontrolu nad vlastn\u00ed identitou.<\/p>\n\n\n\n<p class=\"wp-block-paragraph\">St\u00e1rnut\u00ed nevyhnuteln\u011b m\u011bn\u00ed mnoho v\u011bc\u00ed, ale pr\u00e1vo dosp\u011bl\u00e9ho \u010dlov\u011bka rozhodovat o sob\u011b nem\u00e1 datum spot\u0159eby.<\/p>\n\n\n\n<p class=\"wp-block-paragraph\">Mo\u017en\u00e1 bychom se tedy nem\u011bli pt\u00e1t, zda jsou ur\u010dit\u00e9 \u0161aty vhodn\u00e9 pro 75letou \u017eenu.<\/p>\n\n\n\n<p class=\"wp-block-paragraph\">Mnohem zaj\u00edmav\u011bj\u0161\u00ed ot\u00e1zkou je, pro\u010d si po 75 letech jej\u00edho vlastn\u00edho \u017eivota v\u016fbec n\u011bkdo mysl\u00ed, \u017ee pot\u0159ebuje povolen\u00ed, aby si je mohla obl\u00e9knout.<\/p>\n\n\n\n<p class=\"wp-block-paragraph\"><\/p>\n","protected":false},"excerpt":{"rendered":"Existuje jedno nepsan\u00e9 pravidlo, se kter\u00fdm se mnoho \u017een za\u010d\u00edn\u00e1 setk\u00e1vat s p\u0159ib\u00fdvaj\u00edc\u00edm v\u011bkem: m\u011bly by b\u00fdt m\u00e9n\u011b n\u00e1padn\u00e9. Nosit tlumen\u011bj\u0161\u00ed barvy. Volit \n<a class=\"moretag\" href=\"https:\/\/ikuk.arminfonews.ru\/?p=9690\"> [...]<\/a>","protected":false},"author":1,"featured_media":9692,"comment_status":"open","ping_status":"open","sticky":false,"template":"","format":"standard","meta":{"footnotes":""},"categories":[1],"tags":[],"class_list":["post-9690","post","type-post","status-publish","format-standard","has-post-thumbnail","hentry","category-uncategorised"],"yoast_head":"<!-- This site is optimized with the Yoast SEO plugin v28.4 - https:\/\/yoast.com\/product\/yoast-seo-wordpress\/ -->\n<title>V 75 letech se odm\u00edt\u00e1 obl\u00e9kat podle p\u0159edstav ostatn\u00edch -<\/title>\n<meta name=\"robots\" content=\"index, follow, max-snippet:-1, max-image-preview:large, max-video-preview:-1\" \/>\n<link rel=\"canonical\" href=\"https:\/\/ikuk.arminfonews.ru\/?p=9690\" \/>\n<meta property=\"og:locale\" content=\"ru_RU\" \/>\n<meta property=\"og:type\" content=\"article\" \/>\n<meta property=\"og:title\" content=\"V 75 letech se odm\u00edt\u00e1 obl\u00e9kat podle p\u0159edstav ostatn\u00edch -\" \/>\n<meta property=\"og:description\" content=\"Existuje jedno nepsan\u00e9 pravidlo, se kter\u00fdm se mnoho \u017een za\u010d\u00edn\u00e1 setk\u00e1vat s p\u0159ib\u00fdvaj\u00edc\u00edm v\u011bkem: m\u011bly by b\u00fdt m\u00e9n\u011b n\u00e1padn\u00e9. Nosit tlumen\u011bj\u0161\u00ed barvy. Volit\" \/>\n<meta property=\"og:url\" content=\"https:\/\/ikuk.arminfonews.ru\/?p=9690\" \/>\n<meta property=\"article:published_time\" content=\"2026-09-05T12:32:39+00:00\" \/>\n<meta property=\"article:modified_time\" content=\"2026-09-05T12:32:40+00:00\" \/>\n<meta property=\"og:image\" content=\"https:\/\/ikuk.arminfonews.ru\/wp-content\/uploads\/2026\/09\/56223-1-1024x538.png\" \/>\n\t<meta property=\"og:image:width\" content=\"1024\" \/>\n\t<meta property=\"og:image:height\" content=\"538\" \/>\n\t<meta property=\"og:image:type\" content=\"image\/png\" \/>\n<meta name=\"author\" content=\"admin\" \/>\n<meta name=\"twitter:card\" content=\"summary_large_image\" \/>\n<meta name=\"twitter:label1\" content=\"\u041d\u0430\u043f\u0438\u0441\u0430\u043d\u043e \u0430\u0432\u0442\u043e\u0440\u043e\u043c\" \/>\n\t<meta name=\"twitter:data1\" content=\"admin\" \/>\n\t<meta name=\"twitter:label2\" content=\"\u041f\u0440\u0438\u043c\u0435\u0440\u043d\u043e\u0435 \u0432\u0440\u0435\u043c\u044f \u0434\u043b\u044f \u0447\u0442\u0435\u043d\u0438\u044f\" \/>\n\t<meta name=\"twitter:data2\" content=\"9 \u043c\u0438\u043d\u0443\u0442\" \/>\n<script type=\"application\/ld+json\" class=\"yoast-schema-graph\">{\"@context\":\"https:\\\/\\\/schema.org\",\"@graph\":[{\"@type\":\"Article\",\"@id\":\"https:\\\/\\\/ikuk.arminfonews.ru\\\/?p=9690#article\",\"isPartOf\":{\"@id\":\"https:\\\/\\\/ikuk.arminfonews.ru\\\/?p=9690\"},\"author\":{\"name\":\"admin\",\"@id\":\"https:\\\/\\\/ikuk.arminfonews.ru\\\/#\\\/schema\\\/person\\\/a0f2d659891a86ef18b4c044f2ff8d9a\"},\"headline\":\"V 75 letech se odm\u00edt\u00e1 obl\u00e9kat podle p\u0159edstav ostatn\u00edch\",\"datePublished\":\"2026-09-05T12:32:39+00:00\",\"dateModified\":\"2026-09-05T12:32:40+00:00\",\"mainEntityOfPage\":{\"@id\":\"https:\\\/\\\/ikuk.arminfonews.ru\\\/?p=9690\"},\"wordCount\":2154,\"commentCount\":0,\"image\":{\"@id\":\"https:\\\/\\\/ikuk.arminfonews.ru\\\/?p=9690#primaryimage\"},\"thumbnailUrl\":\"https:\\\/\\\/ikuk.arminfonews.ru\\\/wp-content\\\/uploads\\\/2026\\\/09\\\/56223-1.png\",\"articleSection\":[\"NEWS\"],\"inLanguage\":\"ru-RU\",\"potentialAction\":[{\"@type\":\"CommentAction\",\"name\":\"Comment\",\"target\":[\"https:\\\/\\\/ikuk.arminfonews.ru\\\/?p=9690#respond\"]}]},{\"@type\":\"WebPage\",\"@id\":\"https:\\\/\\\/ikuk.arminfonews.ru\\\/?p=9690\",\"url\":\"https:\\\/\\\/ikuk.arminfonews.ru\\\/?p=9690\",\"name\":\"V 75 letech se odm\u00edt\u00e1 obl\u00e9kat podle p\u0159edstav ostatn\u00edch -\",\"isPartOf\":{\"@id\":\"https:\\\/\\\/ikuk.arminfonews.ru\\\/#website\"},\"primaryImageOfPage\":{\"@id\":\"https:\\\/\\\/ikuk.arminfonews.ru\\\/?p=9690#primaryimage\"},\"image\":{\"@id\":\"https:\\\/\\\/ikuk.arminfonews.ru\\\/?p=9690#primaryimage\"},\"thumbnailUrl\":\"https:\\\/\\\/ikuk.arminfonews.ru\\\/wp-content\\\/uploads\\\/2026\\\/09\\\/56223-1.png\",\"datePublished\":\"2026-09-05T12:32:39+00:00\",\"dateModified\":\"2026-09-05T12:32:40+00:00\",\"author\":{\"@id\":\"https:\\\/\\\/ikuk.arminfonews.ru\\\/#\\\/schema\\\/person\\\/a0f2d659891a86ef18b4c044f2ff8d9a\"},\"breadcrumb\":{\"@id\":\"https:\\\/\\\/ikuk.arminfonews.ru\\\/?p=9690#breadcrumb\"},\"inLanguage\":\"ru-RU\",\"potentialAction\":[{\"@type\":\"ReadAction\",\"target\":[\"https:\\\/\\\/ikuk.arminfonews.ru\\\/?p=9690\"]}]},{\"@type\":\"ImageObject\",\"inLanguage\":\"ru-RU\",\"@id\":\"https:\\\/\\\/ikuk.arminfonews.ru\\\/?p=9690#primaryimage\",\"url\":\"https:\\\/\\\/ikuk.arminfonews.ru\\\/wp-content\\\/uploads\\\/2026\\\/09\\\/56223-1.png\",\"contentUrl\":\"https:\\\/\\\/ikuk.arminfonews.ru\\\/wp-content\\\/uploads\\\/2026\\\/09\\\/56223-1.png\",\"width\":1731,\"height\":909},{\"@type\":\"BreadcrumbList\",\"@id\":\"https:\\\/\\\/ikuk.arminfonews.ru\\\/?p=9690#breadcrumb\",\"itemListElement\":[{\"@type\":\"ListItem\",\"position\":1,\"name\":\"\u0413\u043b\u0430\u0432\u043d\u0430\u044f \u0441\u0442\u0440\u0430\u043d\u0438\u0446\u0430\",\"item\":\"https:\\\/\\\/ikuk.arminfonews.ru\\\/\"},{\"@type\":\"ListItem\",\"position\":2,\"name\":\"V 75 letech se odm\u00edt\u00e1 obl\u00e9kat podle p\u0159edstav ostatn\u00edch\"}]},{\"@type\":\"WebSite\",\"@id\":\"https:\\\/\\\/ikuk.arminfonews.ru\\\/#website\",\"url\":\"https:\\\/\\\/ikuk.arminfonews.ru\\\/\",\"name\":\"\",\"description\":\"\",\"potentialAction\":[{\"@type\":\"SearchAction\",\"target\":{\"@type\":\"EntryPoint\",\"urlTemplate\":\"https:\\\/\\\/ikuk.arminfonews.ru\\\/?s={search_term_string}\"},\"query-input\":{\"@type\":\"PropertyValueSpecification\",\"valueRequired\":true,\"valueName\":\"search_term_string\"}}],\"inLanguage\":\"ru-RU\"},{\"@type\":\"Person\",\"@id\":\"https:\\\/\\\/ikuk.arminfonews.ru\\\/#\\\/schema\\\/person\\\/a0f2d659891a86ef18b4c044f2ff8d9a\",\"name\":\"admin\",\"image\":{\"@type\":\"ImageObject\",\"inLanguage\":\"ru-RU\",\"@id\":\"https:\\\/\\\/secure.gravatar.com\\\/avatar\\\/0ed435f9e4056e0930898ce78c89fa82fe18d3c798c761c71f1f33be878b3b0b?s=96&d=mm&r=g\",\"url\":\"https:\\\/\\\/secure.gravatar.com\\\/avatar\\\/0ed435f9e4056e0930898ce78c89fa82fe18d3c798c761c71f1f33be878b3b0b?s=96&d=mm&r=g\",\"contentUrl\":\"https:\\\/\\\/secure.gravatar.com\\\/avatar\\\/0ed435f9e4056e0930898ce78c89fa82fe18d3c798c761c71f1f33be878b3b0b?s=96&d=mm&r=g\",\"caption\":\"admin\"},\"sameAs\":[\"http:\\\/\\\/ikuk.arminfonews.ru\"],\"url\":\"https:\\\/\\\/ikuk.arminfonews.ru\\\/?author=1\"}]}<\/script>\n<!-- \/ Yoast SEO plugin. -->","yoast_head_json":{"title":"V 75 letech se odm\u00edt\u00e1 obl\u00e9kat podle p\u0159edstav ostatn\u00edch -","robots":{"index":"index","follow":"follow","max-snippet":"max-snippet:-1","max-image-preview":"max-image-preview:large","max-video-preview":"max-video-preview:-1"},"canonical":"https:\/\/ikuk.arminfonews.ru\/?p=9690","og_locale":"ru_RU","og_type":"article","og_title":"V 75 letech se odm\u00edt\u00e1 obl\u00e9kat podle p\u0159edstav ostatn\u00edch -","og_description":"Existuje jedno nepsan\u00e9 pravidlo, se kter\u00fdm se mnoho \u017een za\u010d\u00edn\u00e1 setk\u00e1vat s p\u0159ib\u00fdvaj\u00edc\u00edm v\u011bkem: m\u011bly by b\u00fdt m\u00e9n\u011b n\u00e1padn\u00e9. Nosit tlumen\u011bj\u0161\u00ed barvy. Volit","og_url":"https:\/\/ikuk.arminfonews.ru\/?p=9690","article_published_time":"2026-09-05T12:32:39+00:00","article_modified_time":"2026-09-05T12:32:40+00:00","og_image":[{"width":1024,"height":538,"url":"https:\/\/ikuk.arminfonews.ru\/wp-content\/uploads\/2026\/09\/56223-1-1024x538.png","type":"image\/png"}],"author":"admin","twitter_card":"summary_large_image","twitter_misc":{"\u041d\u0430\u043f\u0438\u0441\u0430\u043d\u043e \u0430\u0432\u0442\u043e\u0440\u043e\u043c":"admin","\u041f\u0440\u0438\u043c\u0435\u0440\u043d\u043e\u0435 \u0432\u0440\u0435\u043c\u044f \u0434\u043b\u044f \u0447\u0442\u0435\u043d\u0438\u044f":"9 \u043c\u0438\u043d\u0443\u0442"},"schema":{"@context":"https:\/\/schema.org","@graph":[{"@type":"Article","@id":"https:\/\/ikuk.arminfonews.ru\/?p=9690#article","isPartOf":{"@id":"https:\/\/ikuk.arminfonews.ru\/?p=9690"},"author":{"name":"admin","@id":"https:\/\/ikuk.arminfonews.ru\/#\/schema\/person\/a0f2d659891a86ef18b4c044f2ff8d9a"},"headline":"V 75 letech se odm\u00edt\u00e1 obl\u00e9kat podle p\u0159edstav ostatn\u00edch","datePublished":"2026-09-05T12:32:39+00:00","dateModified":"2026-09-05T12:32:40+00:00","mainEntityOfPage":{"@id":"https:\/\/ikuk.arminfonews.ru\/?p=9690"},"wordCount":2154,"commentCount":0,"image":{"@id":"https:\/\/ikuk.arminfonews.ru\/?p=9690#primaryimage"},"thumbnailUrl":"https:\/\/ikuk.arminfonews.ru\/wp-content\/uploads\/2026\/09\/56223-1.png","articleSection":["NEWS"],"inLanguage":"ru-RU","potentialAction":[{"@type":"CommentAction","name":"Comment","target":["https:\/\/ikuk.arminfonews.ru\/?p=9690#respond"]}]},{"@type":"WebPage","@id":"https:\/\/ikuk.arminfonews.ru\/?p=9690","url":"https:\/\/ikuk.arminfonews.ru\/?p=9690","name":"V 75 letech se odm\u00edt\u00e1 obl\u00e9kat podle p\u0159edstav ostatn\u00edch -","isPartOf":{"@id":"https:\/\/ikuk.arminfonews.ru\/#website"},"primaryImageOfPage":{"@id":"https:\/\/ikuk.arminfonews.ru\/?p=9690#primaryimage"},"image":{"@id":"https:\/\/ikuk.arminfonews.ru\/?p=9690#primaryimage"},"thumbnailUrl":"https:\/\/ikuk.arminfonews.ru\/wp-content\/uploads\/2026\/09\/56223-1.png","datePublished":"2026-09-05T12:32:39+00:00","dateModified":"2026-09-05T12:32:40+00:00","author":{"@id":"https:\/\/ikuk.arminfonews.ru\/#\/schema\/person\/a0f2d659891a86ef18b4c044f2ff8d9a"},"breadcrumb":{"@id":"https:\/\/ikuk.arminfonews.ru\/?p=9690#breadcrumb"},"inLanguage":"ru-RU","potentialAction":[{"@type":"ReadAction","target":["https:\/\/ikuk.arminfonews.ru\/?p=9690"]}]},{"@type":"ImageObject","inLanguage":"ru-RU","@id":"https:\/\/ikuk.arminfonews.ru\/?p=9690#primaryimage","url":"https:\/\/ikuk.arminfonews.ru\/wp-content\/uploads\/2026\/09\/56223-1.png","contentUrl":"https:\/\/ikuk.arminfonews.ru\/wp-content\/uploads\/2026\/09\/56223-1.png","width":1731,"height":909},{"@type":"BreadcrumbList","@id":"https:\/\/ikuk.arminfonews.ru\/?p=9690#breadcrumb","itemListElement":[{"@type":"ListItem","position":1,"name":"\u0413\u043b\u0430\u0432\u043d\u0430\u044f \u0441\u0442\u0440\u0430\u043d\u0438\u0446\u0430","item":"https:\/\/ikuk.arminfonews.ru\/"},{"@type":"ListItem","position":2,"name":"V 75 letech se odm\u00edt\u00e1 obl\u00e9kat podle p\u0159edstav ostatn\u00edch"}]},{"@type":"WebSite","@id":"https:\/\/ikuk.arminfonews.ru\/#website","url":"https:\/\/ikuk.arminfonews.ru\/","name":"","description":"","potentialAction":[{"@type":"SearchAction","target":{"@type":"EntryPoint","urlTemplate":"https:\/\/ikuk.arminfonews.ru\/?s={search_term_string}"},"query-input":{"@type":"PropertyValueSpecification","valueRequired":true,"valueName":"search_term_string"}}],"inLanguage":"ru-RU"},{"@type":"Person","@id":"https:\/\/ikuk.arminfonews.ru\/#\/schema\/person\/a0f2d659891a86ef18b4c044f2ff8d9a","name":"admin","image":{"@type":"ImageObject","inLanguage":"ru-RU","@id":"https:\/\/secure.gravatar.com\/avatar\/0ed435f9e4056e0930898ce78c89fa82fe18d3c798c761c71f1f33be878b3b0b?s=96&d=mm&r=g","url":"https:\/\/secure.gravatar.com\/avatar\/0ed435f9e4056e0930898ce78c89fa82fe18d3c798c761c71f1f33be878b3b0b?s=96&d=mm&r=g","contentUrl":"https:\/\/secure.gravatar.com\/avatar\/0ed435f9e4056e0930898ce78c89fa82fe18d3c798c761c71f1f33be878b3b0b?s=96&d=mm&r=g","caption":"admin"},"sameAs":["http:\/\/ikuk.arminfonews.ru"],"url":"https:\/\/ikuk.arminfonews.ru\/?author=1"}]}},"_links":{"self":[{"href":"https:\/\/ikuk.arminfonews.ru\/index.php?rest_route=\/wp\/v2\/posts\/9690","targetHints":{"allow":["GET"]}}],"collection":[{"href":"https:\/\/ikuk.arminfonews.ru\/index.php?rest_route=\/wp\/v2\/posts"}],"about":[{"href":"https:\/\/ikuk.arminfonews.ru\/index.php?rest_route=\/wp\/v2\/types\/post"}],"author":[{"embeddable":true,"href":"https:\/\/ikuk.arminfonews.ru\/index.php?rest_route=\/wp\/v2\/users\/1"}],"replies":[{"embeddable":true,"href":"https:\/\/ikuk.arminfonews.ru\/index.php?rest_route=%2Fwp%2Fv2%2Fcomments&post=9690"}],"version-history":[{"count":1,"href":"https:\/\/ikuk.arminfonews.ru\/index.php?rest_route=\/wp\/v2\/posts\/9690\/revisions"}],"predecessor-version":[{"id":9693,"href":"https:\/\/ikuk.arminfonews.ru\/index.php?rest_route=\/wp\/v2\/posts\/9690\/revisions\/9693"}],"wp:featuredmedia":[{"embeddable":true,"href":"https:\/\/ikuk.arminfonews.ru\/index.php?rest_route=\/wp\/v2\/media\/9692"}],"wp:attachment":[{"href":"https:\/\/ikuk.arminfonews.ru\/index.php?rest_route=%2Fwp%2Fv2%2Fmedia&parent=9690"}],"wp:term":[{"taxonomy":"category","embeddable":true,"href":"https:\/\/ikuk.arminfonews.ru\/index.php?rest_route=%2Fwp%2Fv2%2Fcategories&post=9690"},{"taxonomy":"post_tag","embeddable":true,"href":"https:\/\/ikuk.arminfonews.ru\/index.php?rest_route=%2Fwp%2Fv2%2Ftags&post=9690"}],"curies":[{"name":"wp","href":"https:\/\/api.w.org\/{rel}","templated":true}]}}