{"id":9683,"date":"2026-09-04T14:25:39","date_gmt":"2026-09-04T13:25:39","guid":{"rendered":"https:\/\/ikuk.arminfonews.ru\/?p=9683"},"modified":"2026-09-04T14:25:41","modified_gmt":"2026-09-04T13:25:41","slug":"kdo-rozhoduje-o-tom-co-maji-zeny-nosit-po-padesatce","status":"publish","type":"post","link":"https:\/\/ikuk.arminfonews.ru\/?p=9683","title":{"rendered":"Kdo rozhoduje o tom, co maj\u00ed \u017eeny nosit po pades\u00e1tce?"},"content":{"rendered":"\n<p class=\"wp-block-paragraph\">\u017dena po pades\u00e1tce si obl\u00e9kne tanga, c\u00edt\u00ed se ve sv\u00e9m t\u011ble dob\u0159e, nato\u010d\u00ed kr\u00e1tk\u00e9 video a zve\u0159ejn\u00ed ho na internetu. Na prvn\u00ed pohled na tom nen\u00ed nic zvl\u00e1\u0161\u0165 komplikovan\u00e9ho. Jakmile se v\u0161ak podobn\u00e9 z\u00e1b\u011bry objev\u00ed na soci\u00e1ln\u00edch s\u00edt\u00edch, mohou se rychle st\u00e1t za\u010d\u00e1tkem rozs\u00e1hl\u00e9 debaty o v\u011bku, kr\u00e1se, sexualit\u011b, sebev\u011bdom\u00ed a nepsan\u00fdch pravidlech, kter\u00e1 spole\u010dnost \u017een\u00e1m \u010dasto vnucuje.<\/p>\n\n\n\n<p class=\"wp-block-paragraph\">P\u0159esn\u011b takov\u00e1 diskuse vznikla pot\u00e9, co se 54let\u00e1 \u017eena na TikToku hrd\u011b uk\u00e1zala v tang\u00e1ch. Reakce byly velmi rozd\u00edln\u00e9. N\u011bkte\u0159\u00ed u\u017eivatel\u00e9 jej\u00ed vzhled kritizovali a tvrdili, \u017ee tak odv\u00e1\u017en\u00e9 oble\u010den\u00ed u\u017e nen\u00ed pro \u017eenu jej\u00edho v\u011bku vhodn\u00e9. Jin\u00ed se j\u00ed naopak zastali, ocenili jej\u00ed sebev\u011bdom\u00ed a p\u0159ipomn\u011bli, \u017ee dosp\u011blost nem\u00e1 \u017e\u00e1dnou hranici, po jej\u00edm\u017e p\u0159ekro\u010den\u00ed by ur\u010dit\u00e9 oble\u010den\u00ed m\u011blo b\u00fdt automaticky zak\u00e1z\u00e1no.<\/p>\n\n\n\n<figure class=\"wp-block-image size-large\"><img loading=\"lazy\" decoding=\"async\" width=\"1024\" height=\"538\" src=\"https:\/\/ikuk.arminfonews.ru\/wp-content\/uploads\/2026\/09\/85554-1024x538.png\" alt=\"\" class=\"wp-image-9684\" srcset=\"https:\/\/ikuk.arminfonews.ru\/wp-content\/uploads\/2026\/09\/85554-1024x538.png 1024w, https:\/\/ikuk.arminfonews.ru\/wp-content\/uploads\/2026\/09\/85554-300x158.png 300w, https:\/\/ikuk.arminfonews.ru\/wp-content\/uploads\/2026\/09\/85554-767x403.png 767w, https:\/\/ikuk.arminfonews.ru\/wp-content\/uploads\/2026\/09\/85554-1536x807.png 1536w, https:\/\/ikuk.arminfonews.ru\/wp-content\/uploads\/2026\/09\/85554.png 1731w\" sizes=\"auto, (max-width: 1024px) 100vw, 1024px\" \/><\/figure>\n\n\n\n<p class=\"wp-block-paragraph\">Cel\u00fd spor p\u0159itom vypov\u00edd\u00e1 o n\u011b\u010dem mnohem v\u011bt\u0161\u00edm ne\u017e jen o v\u00fdb\u011bru spodn\u00edho pr\u00e1dla jedn\u00e9 \u017eeny. Otev\u00edr\u00e1 ot\u00e1zku, kter\u00e1 se na soci\u00e1ln\u00edch s\u00edt\u00edch objevuje st\u00e1le \u010dast\u011bji: pro\u010d spole\u010dnost o\u010dek\u00e1v\u00e1, \u017ee \u017eeny s p\u0159ib\u00fdvaj\u00edc\u00edm v\u011bkem zm\u011bn\u00ed nejen sv\u016fj vzhled, ale tak\u00e9 zp\u016fsob, jak\u00fdm se prezentuj\u00ed?<\/p>\n\n\n\n<h2 class=\"wp-block-heading\">Neviditeln\u00e1 pravidla \u0161atn\u00edku<\/h2>\n\n\n\n<p class=\"wp-block-paragraph\">Neexistuje \u017e\u00e1dn\u00e1 ofici\u00e1ln\u00ed p\u0159\u00edru\u010dka, kter\u00e1 by \u017een\u00e1m ur\u010dovala, co sm\u011bj\u00ed nosit ve t\u0159iceti, \u010dty\u0159iceti, pades\u00e1ti nebo sedmdes\u00e1ti letech. P\u0159esto mohou spole\u010densk\u00e1 o\u010dek\u00e1v\u00e1n\u00ed n\u011bkdy p\u016fsobit t\u00e9m\u011b\u0159 jako skute\u010dn\u00fd soubor pravidel.<\/p>\n\n\n\n<p class=\"wp-block-paragraph\">N\u011bkter\u00e9 druhy oble\u010den\u00ed jsou pravideln\u011b ozna\u010dov\u00e1ny za \u201ep\u0159\u00edli\u0161 mladistv\u00e9\u201c. Kr\u00e1tk\u00e9 sukn\u011b, bikiny, p\u0159il\u00e9hav\u00e9 \u0161aty, kr\u00e1tk\u00e9 topy nebo odv\u00e1\u017en\u011bj\u0161\u00ed plavky se mohou najednou st\u00e1t kontroverzn\u00edmi jen proto, \u017ee \u017eena p\u0159ekro\u010dila ur\u010ditou v\u011bkovou hranici.<\/p>\n\n\n\n<p class=\"wp-block-paragraph\">Zaj\u00edmav\u00e9 je, \u017ee nikdo p\u0159esn\u011b nev\u00ed, kde tato hranice vlastn\u011b le\u017e\u00ed.<\/p>\n\n\n\n<p class=\"wp-block-paragraph\">Pro n\u011bkoho je to \u010dty\u0159ic\u00edtka, pro jin\u00e9ho pades\u00e1tka. Dal\u0161\u00ed \u010dlov\u011bk m\u016f\u017ee b\u00fdt p\u0159esv\u011bd\u010den, \u017ee \u017e\u00e1dn\u00e1 takov\u00e1 hranice existovat nem\u00e1.<\/p>\n\n\n\n<p class=\"wp-block-paragraph\">Pr\u00e1v\u011b tato nejednotnost ukazuje, \u017ee nejde o \u017e\u00e1dn\u00e9 v\u0161eobecn\u011b platn\u00e9 pravidlo. \u010casto jde pouze o osobn\u00ed p\u0159edstavy, kter\u00e9 jsou prezentov\u00e1ny jako n\u011bco, \u010d\u00edm by se m\u011bli \u0159\u00eddit i ostatn\u00ed.<\/p>\n\n\n\n<p class=\"wp-block-paragraph\">Oble\u010den\u00ed nav\u00edc nikdy nebylo jen praktickou z\u00e1le\u017eitost\u00ed. M\u016f\u017ee vyjad\u0159ovat osobnost, kulturu, profesi, n\u00e1ladu nebo \u017eivotn\u00ed styl. S p\u0159ib\u00fdvaj\u00edc\u00edm v\u011bkem se v\u0161ak p\u0159edev\u0161\u00edm \u017eeny mohou setk\u00e1vat s tlakem, aby byly m\u00e9n\u011b n\u00e1padn\u00e9.<\/p>\n\n\n\n<p class=\"wp-block-paragraph\">\u010casto se od nich o\u010dek\u00e1v\u00e1, \u017ee budou st\u00e1le vypadat atraktivn\u011b, ale z\u00e1rove\u0148 se nesm\u011bj\u00ed p\u0159\u00edli\u0161 sna\u017eit p\u016fsobit atraktivn\u011b.<\/p>\n\n\n\n<p class=\"wp-block-paragraph\">Vznik\u00e1 tak t\u00e9m\u011b\u0159 ne\u0159e\u0161iteln\u00fd rozpor.<\/p>\n\n\n\n<p class=\"wp-block-paragraph\">Pokud se \u017eena za\u010dne obl\u00e9kat velmi konzervativn\u011b, n\u011bkdo m\u016f\u017ee \u0159\u00edct, \u017ee o sebe p\u0159estala pe\u010dovat. Pokud si vezme n\u011bco odv\u00e1\u017en\u011bj\u0161\u00edho, m\u016f\u017ee b\u00fdt obvin\u011bna z toho, \u017ee se nedok\u00e1\u017ee sm\u00ed\u0159it se sv\u00fdm v\u011bkem. Pokud vyu\u017eije kosmetick\u00e9 z\u00e1kroky, m\u016f\u017ee b\u00fdt ozna\u010dena za nep\u0159irozenou. Pokud naopak st\u00e1rne p\u0159irozen\u011b, objev\u00ed se kritika vr\u00e1sek, \u0161ediv\u00fdch vlas\u016f nebo zm\u011bn postavy.<\/p>\n\n\n\n<p class=\"wp-block-paragraph\">Zd\u00e1 se, \u017ee neexistuje zp\u016fsob st\u00e1rnut\u00ed, kter\u00fd by dok\u00e1zal uspokojit v\u0161echny.<\/p>\n\n\n\n<h2 class=\"wp-block-heading\">Soci\u00e1ln\u00ed s\u00edt\u011b m\u011bn\u00ed osobn\u00ed volbu ve ve\u0159ejnou debatu<\/h2>\n\n\n\n<p class=\"wp-block-paragraph\">P\u0159ed n\u00e1stupem soci\u00e1ln\u00edch s\u00edt\u00ed si n\u011b\u010d\u00edho oble\u010den\u00ed v\u0161iml v\u011bt\u0161inou jen omezen\u00fd po\u010det lid\u00ed. TikTok, Instagram a dal\u0161\u00ed platformy tuto situaci z\u00e1sadn\u011b zm\u011bnily.<\/p>\n\n\n\n<p class=\"wp-block-paragraph\">Kr\u00e1tk\u00e9 video mohou b\u011bhem n\u011bkolika hodin nebo dn\u016f vid\u011bt tis\u00edce, n\u011bkdy dokonce miliony ciz\u00edch lid\u00ed.<\/p>\n\n\n\n<p class=\"wp-block-paragraph\">Tito div\u00e1ci \u010dlov\u011bka na obrazovce osobn\u011b neznaj\u00ed. Obvykle nev\u011bd\u00ed nic o jeho \u017eivotn\u00edch zku\u0161enostech, vztaz\u00edch, zdrav\u00ed ani o d\u016fvodu, pro\u010d dan\u00fd p\u0159\u00edsp\u011bvek zve\u0159ejnil. P\u0159esto soci\u00e1ln\u00ed s\u00edt\u011b podporuj\u00ed velmi rychl\u00e9 hodnocen\u00ed.<\/p>\n\n\n\n<p class=\"wp-block-paragraph\">\u010clov\u011bk se n\u011bkolik sekund d\u00edv\u00e1, vytvo\u0159\u00ed si n\u00e1zor a nap\u00ed\u0161e koment\u00e1\u0159.<\/p>\n\n\n\n<p class=\"wp-block-paragraph\">V\u00fdsledkem m\u016f\u017ee b\u00fdt obrovsk\u00e9 mno\u017estv\u00ed protich\u016fdn\u00fdch soud\u016f nam\u00ed\u0159en\u00fdch proti jedin\u00e9mu \u010dlov\u011bku.<\/p>\n\n\n\n<p class=\"wp-block-paragraph\">N\u011bkter\u00e9 reakce jsou podporuj\u00edc\u00ed, jin\u00e9 mohou b\u00fdt velmi krut\u00e9. A mnoh\u00e9 ve skute\u010dnosti vypov\u00eddaj\u00ed v\u00edce o p\u0159edstav\u00e1ch komentuj\u00edc\u00edho ne\u017e o osob\u011b na videu.<\/p>\n\n\n\n<p class=\"wp-block-paragraph\">Reakce na p\u0159\u00edsp\u011bvek 54let\u00e9 \u017eeny tento mechanismus dob\u0159e ukazuje. Kritika se net\u00fdkala pouze toho, zda se lidem jej\u00ed oble\u010den\u00ed l\u00edbilo. D\u016fle\u017eitou sou\u010d\u00e1st\u00ed argument\u016f se stal samotn\u00fd v\u011bk.<\/p>\n\n\n\n<p class=\"wp-block-paragraph\">A pr\u00e1v\u011b v tom je z\u00e1sadn\u00ed rozd\u00edl.<\/p>\n\n\n\n<p class=\"wp-block-paragraph\">\u0158\u00edct \u201ej\u00e1 bych si to neobl\u00e9kla\u201c znamen\u00e1 vyj\u00e1d\u0159it osobn\u00ed n\u00e1zor. \u0158\u00edct \u201e\u017eena ve va\u0161em v\u011bku by n\u011bco takov\u00e9ho nosit nem\u011bla\u201c znamen\u00e1 pokusit se vytvo\u0159it pravidlo pro n\u011bkoho jin\u00e9ho.<\/p>\n\n\n\n<p class=\"wp-block-paragraph\">To jsou dv\u011b velmi odli\u0161n\u00e9 v\u011bci.<\/p>\n\n\n\n<h2 class=\"wp-block-heading\">Sebev\u011bdom\u00ed nen\u00ed v\u00fdsadou ml\u00e1d\u00ed<\/h2>\n\n\n\n<p class=\"wp-block-paragraph\">Popul\u00e1rn\u00ed kultura dlouhodob\u011b klade obrovsk\u00fd d\u016fraz na ml\u00e1d\u00ed, zejm\u00e9na pokud jde o \u017eenskou kr\u00e1su.<\/p>\n\n\n\n<p class=\"wp-block-paragraph\">Reklama, film, televize i m\u00f3dn\u00ed pr\u016fmysl po mnoho let p\u0159edstavovaly mlad\u00e9 tv\u00e1\u0159e a mlad\u00e1 t\u011bla jako ide\u00e1l. P\u0159esto\u017ee se situace postupn\u011b m\u011bn\u00ed a viditelnost r\u016fzn\u00fdch v\u011bkov\u00fdch skupin roste, spojen\u00ed mezi ml\u00e1d\u00edm a p\u0159ita\u017elivost\u00ed z\u016fst\u00e1v\u00e1 velmi siln\u00e9.<\/p>\n\n\n\n<p class=\"wp-block-paragraph\">To ovliv\u0148uje tak\u00e9 zp\u016fsob, jak\u00fdm spole\u010dnost vn\u00edm\u00e1 st\u00e1rnut\u00ed.<\/p>\n\n\n\n<p class=\"wp-block-paragraph\">Kdy\u017e mlad\u00e1 \u017eena sebev\u011bdom\u011b uk\u00e1\u017ee svou postavu, m\u016f\u017ee b\u00fdt ozna\u010dena za odv\u00e1\u017enou nebo m\u00f3dn\u00ed. Kdy\u017e se podobn\u011b zachov\u00e1 star\u0161\u00ed \u017eena, stejn\u00e1 m\u00edra sebev\u011bdom\u00ed je n\u011bkdy pova\u017eov\u00e1na za nevhodnou.<\/p>\n\n\n\n<p class=\"wp-block-paragraph\">Sebev\u011bdom\u00ed v\u0161ak nezmiz\u00ed jen proto, \u017ee \u010dlov\u011bk oslavil ur\u010dit\u00e9 narozeniny.<\/p>\n\n\n\n<p class=\"wp-block-paragraph\">Lid\u00e9 mohou i ve vy\u0161\u0161\u00edm v\u011bku milovat m\u00f3du, plav\u00e1n\u00ed, tanec, cestov\u00e1n\u00ed, sport nebo seznamov\u00e1n\u00ed. Mohou tak\u00e9 nad\u00e1le vyjad\u0159ovat svou \u017eenskost a sexualitu. Osobn\u00ed styl se samoz\u0159ejm\u011b m\u016f\u017ee b\u011bhem \u017eivota m\u011bnit, ale zm\u011bna automaticky neznamen\u00e1 v\u011bt\u0161\u00ed konzervativnost.<\/p>\n\n\n\n<p class=\"wp-block-paragraph\">Pro n\u011bkter\u00e9 \u017eeny m\u016f\u017ee b\u00fdt v\u00fdb\u011br oble\u010den\u00ed s v\u011bkem dokonce jednodu\u0161\u0161\u00ed.<\/p>\n\n\n\n<p class=\"wp-block-paragraph\">\u017divotn\u00ed zku\u0161enosti toti\u017e \u010dasto sni\u017euj\u00ed pot\u0159ebu neust\u00e1le vyhovovat o\u010dek\u00e1v\u00e1n\u00edm ciz\u00edch lid\u00ed. \u017dena, kter\u00e1 se ve dvaceti ob\u00e1vala ka\u017ed\u00e9ho koment\u00e1\u0159e o sv\u00e9m vzhledu, m\u016f\u017ee v pades\u00e1ti mnohem l\u00e9pe v\u011bd\u011bt, co se j\u00ed l\u00edb\u00ed a v \u010dem se c\u00edt\u00ed dob\u0159e.<\/p>\n\n\n\n<p class=\"wp-block-paragraph\">No\u0161en\u00ed odv\u00e1\u017en\u011bj\u0161\u00edho oble\u010den\u00ed v 54 letech proto nemus\u00ed b\u00fdt pokusem vypadat mlad\u0161\u00ed. M\u016f\u017ee jednodu\u0161e znamenat, \u017ee se \u010dlov\u011bk c\u00edt\u00ed dob\u0159e s\u00e1m se sebou.<\/p>\n\n\n\n<h2 class=\"wp-block-heading\">Nesouhlasit je samoz\u0159ejm\u011b dovoleno<\/h2>\n\n\n\n<p class=\"wp-block-paragraph\">Obhajovat pr\u00e1vo \u010dlov\u011bka obl\u00e9kat se podle vlastn\u00edho rozhodnut\u00ed neznamen\u00e1, \u017ee se ka\u017ed\u00e9mu mus\u00ed ka\u017ed\u00fd outfit l\u00edbit.<\/p>\n\n\n\n<p class=\"wp-block-paragraph\">Lid\u00e9 maj\u00ed r\u016fzn\u00e9 p\u0159edstavy o vkusu, skromnosti a vhodn\u00e9m oble\u010den\u00ed. Tyto n\u00e1zory mohou b\u00fdt ovlivn\u011bny rodinou, kulturou, n\u00e1bo\u017eenstv\u00edm, generac\u00ed nebo osobn\u00edmi hodnotami.<\/p>\n\n\n\n<p class=\"wp-block-paragraph\">N\u011bkdo m\u00e1 pln\u00e9 pr\u00e1vo nem\u00edt r\u00e1d odhaluj\u00edc\u00ed oble\u010den\u00ed.<\/p>\n\n\n\n<p class=\"wp-block-paragraph\">Stejn\u011b tak m\u00e1 jin\u00fd \u010dlov\u011bk pr\u00e1vo ho nosit.<\/p>\n\n\n\n<p class=\"wp-block-paragraph\">D\u016fle\u017eit\u00e1 je hranice mezi osobn\u00edm n\u00e1zorem a snahou \u0159\u00eddit \u017eivot n\u011bkoho jin\u00e9ho.<\/p>\n\n\n\n<p class=\"wp-block-paragraph\">Ve\u0159ejn\u00e9 soci\u00e1ln\u00ed s\u00edt\u011b nav\u00edc celou situaci komplikuj\u00ed. Kdo n\u011bco zve\u0159ejn\u00ed ve\u0159ejn\u011b, mus\u00ed po\u010d\u00edtat s t\u00edm, \u017ee lid\u00e9 budou reagovat a ne v\u0161echny reakce budou pozitivn\u00ed.<\/p>\n\n\n\n<p class=\"wp-block-paragraph\">To v\u0161ak neznamen\u00e1, \u017ee jsou automaticky ospravedlniteln\u00e9 osobn\u00ed ur\u00e1\u017eky, poni\u017eov\u00e1n\u00ed nebo \u00fatoky zalo\u017een\u00e9 na v\u011bku.<\/p>\n\n\n\n<p class=\"wp-block-paragraph\">Je velk\u00fd rozd\u00edl mezi v\u011btou \u201etento styl se mi nel\u00edb\u00ed\u201c a \u00fatokem na d\u016fstojnost \u010dlov\u011bka, kter\u00fd ho nos\u00ed.<\/p>\n\n\n\n<p class=\"wp-block-paragraph\">Nesouhlasit lze i bez krutosti.<\/p>\n\n\n\n<h2 class=\"wp-block-heading\">Pro\u010d sebev\u011bdom\u00e9 star\u0161\u00ed \u017eeny vyvol\u00e1vaj\u00ed tak siln\u00e9 reakce?<\/h2>\n\n\n\n<p class=\"wp-block-paragraph\">Jedn\u00edm z d\u016fvod\u016f mohou b\u00fdt m\u011bn\u00edc\u00ed se spole\u010densk\u00e9 normy.<\/p>\n\n\n\n<p class=\"wp-block-paragraph\">Po mnoho generac\u00ed byly \u017eeny s p\u0159ib\u00fdvaj\u00edc\u00edm v\u011bkem vedeny k v\u011bt\u0161\u00ed zdr\u017eenlivosti. Ml\u00e1d\u00ed bylo spojov\u00e1no s experimentov\u00e1n\u00edm, viditelnost\u00ed a sexualitou, zat\u00edmco vy\u0161\u0161\u00ed v\u011bk m\u011bl znamenat um\u00edrn\u011bnost.<\/p>\n\n\n\n<p class=\"wp-block-paragraph\">Tyto hranice se postupn\u011b oslabuj\u00ed.<\/p>\n\n\n\n<p class=\"wp-block-paragraph\">\u017deny po \u010dty\u0159ic\u00edtce, pades\u00e1tce nebo \u0161edes\u00e1tce jsou dnes mnohem viditeln\u011bj\u0161\u00ed v m\u00f3d\u011b, fitness i lifestylov\u00e9m obsahu. N\u011bkter\u00e9 hrd\u011b ukazuj\u00ed \u0161ediv\u00e9 vlasy. Jin\u00e9 nos\u00ed bikiny. N\u011bkter\u00e9 p\u0159ij\u00edmaj\u00ed p\u0159irozen\u00e9 st\u00e1rnut\u00ed, zat\u00edmco jin\u00e9 vyu\u017e\u00edvaj\u00ed modern\u00ed kosmetick\u00e9 mo\u017enosti.<\/p>\n\n\n\n<p class=\"wp-block-paragraph\">St\u00e1le v\u00edce \u017een jednodu\u0161e odm\u00edt\u00e1 p\u0159edstavu, \u017ee existuje jedin\u00fd spr\u00e1vn\u00fd zp\u016fsob, jak st\u00e1rnout.<\/p>\n\n\n\n<p class=\"wp-block-paragraph\">Soci\u00e1ln\u00ed s\u00edt\u011b tuto zm\u011bnu v\u00fdrazn\u011b urychlily, proto\u017ee lidem umo\u017enily prezentovat sami sebe bez toho, aby tradi\u010dn\u00ed m\u00e9dia rozhodovala, kdo si zaslou\u017e\u00ed b\u00fdt vid\u011bn.<\/p>\n\n\n\n<p class=\"wp-block-paragraph\">Takov\u00e9 zm\u011bny v\u0161ak \u010dasto vyvol\u00e1vaj\u00ed odpor.<\/p>\n\n\n\n<p class=\"wp-block-paragraph\">Kdy\u017e n\u011bkdo poru\u0161\u00ed nepsan\u00e9 pravidlo, spole\u010dnost si n\u011bkdy teprve v tu chv\u00edli uv\u011bdom\u00ed, \u017ee takov\u00e9 pravidlo v\u016fbec existovalo.<\/p>\n\n\n\n<p class=\"wp-block-paragraph\">Mo\u017en\u00e1 tedy nen\u00ed kontroverzn\u00ed samotn\u00fd fakt, \u017ee 54let\u00e1 \u017eena nos\u00ed tanga. Siln\u011bj\u0161\u00ed reakci m\u016f\u017ee vyvol\u00e1vat skute\u010dnost, \u017ee odm\u00edt\u00e1 o\u010dek\u00e1v\u00e1n\u00ed, jak by se \u017eena v jej\u00edm v\u011bku m\u011bla chovat.<\/p>\n\n\n\n<h2 class=\"wp-block-heading\">T\u011blo se m\u011bn\u00ed, ale pr\u00e1vo rozhodovat z\u016fst\u00e1v\u00e1<\/h2>\n\n\n\n<p class=\"wp-block-paragraph\">St\u00e1rnut\u00ed lidsk\u00e9 t\u011blo nevyhnuteln\u011b m\u011bn\u00ed.<\/p>\n\n\n\n<p class=\"wp-block-paragraph\">M\u011bn\u00ed se poko\u017eka, mno\u017estv\u00ed svalov\u00e9 hmoty i t\u011blesn\u00e1 hmotnost. Vlasy mohou \u0161ediv\u011bt a objevuj\u00ed se vr\u00e1sky. To jsou b\u011b\u017en\u00e9 biologick\u00e9 procesy, nikoli d\u016fkaz, \u017ee \u010dlov\u011bk ztratil pr\u00e1vo m\u00edt ze sv\u00e9ho vzhledu radost.<\/p>\n\n\n\n<p class=\"wp-block-paragraph\">Zdrav\u011bj\u0161\u00ed p\u0159\u00edstup ke st\u00e1rnut\u00ed m\u016f\u017ee spo\u010d\u00edvat v tom, \u017ee p\u0159estaneme sv\u00e9 sou\u010dasn\u00e9 t\u011blo neust\u00e1le porovn\u00e1vat s jeho mlad\u0161\u00ed verz\u00ed.<\/p>\n\n\n\n<p class=\"wp-block-paragraph\">T\u011blo 54let\u00e9 \u017eeny nemus\u00ed vypadat jako t\u011blo \u010dty\u0159iadvacetilet\u00e9, aby si zaslou\u017eilo respekt.<\/p>\n\n\n\n<p class=\"wp-block-paragraph\">To je zvl\u00e1\u0161\u0165 d\u016fle\u017eit\u00e9 na internetu, kde upraven\u00e9 fotografie, filtry a pe\u010dliv\u011b zvolen\u00e9 \u00fahly vytv\u00e1\u0159ej\u00ed \u010dasto nere\u00e1ln\u00e1 o\u010dek\u00e1v\u00e1n\u00ed.<\/p>\n\n\n\n<p class=\"wp-block-paragraph\">Sebev\u011bdom\u00ed nemus\u00ed znamenat p\u0159esv\u011bd\u010den\u00ed, \u017ee je na\u0161e t\u011blo dokonal\u00e9. M\u016f\u017ee znamenat jednodu\u0161e rozhodnut\u00ed, \u017ee kv\u016fli jeho nedokonalostem nen\u00ed nutn\u00e9 se skr\u00fdvat.<\/p>\n\n\n\n<p class=\"wp-block-paragraph\">Mnoho lid\u00ed odkl\u00e1d\u00e1 r\u016fzn\u00e9 \u017eivotn\u00ed zku\u0161enosti, proto\u017ee \u010dekaj\u00ed, a\u017e zhubnou, budou ve v\u011bt\u0161\u00ed kondici, budou vypadat mlad\u0161\u00ed nebo se p\u0159ibl\u00ed\u017e\u00ed sv\u00e9 p\u0159edstav\u011b ide\u00e1ln\u00edho vzhledu.<\/p>\n\n\n\n<p class=\"wp-block-paragraph\">A b\u011bhem tohoto \u010dek\u00e1n\u00ed mohou uplynout cel\u00e9 roky.<\/p>\n\n\n\n<p class=\"wp-block-paragraph\">V\u011bk se pak snadno stane dal\u0161\u00ed podobnou p\u0159ek\u00e1\u017ekou.<\/p>\n\n\n\n<h2 class=\"wp-block-heading\">Ot\u00e1zka, kter\u00e1 je mo\u017en\u00e1 d\u016fle\u017eit\u011bj\u0161\u00ed<\/h2>\n\n\n\n<p class=\"wp-block-paragraph\">Mo\u017en\u00e1 bychom se tedy nem\u011bli pt\u00e1t, zda \u017eeny po pades\u00e1tce sm\u011bj\u00ed nosit tanga, bikiny, kr\u00e1tk\u00e9 \u0161aty nebo cokoli jin\u00e9ho.<\/p>\n\n\n\n<p class=\"wp-block-paragraph\">Mnohem u\u017eite\u010dn\u011bj\u0161\u00ed ot\u00e1zka zn\u00ed: kdo by o tom m\u011bl rozhodovat?<\/p>\n\n\n\n<p class=\"wp-block-paragraph\">Ve v\u011bt\u0161in\u011b b\u011b\u017en\u00fdch situac\u00ed je odpov\u011b\u010f jednoduch\u00e1 \u2014 \u010dlov\u011bk, kter\u00fd dan\u00e9 oble\u010den\u00ed nos\u00ed.<\/p>\n\n\n\n<p class=\"wp-block-paragraph\">Ostatn\u00ed mohou m\u00edt vlastn\u00ed n\u00e1zor. M\u00f3da v\u017edy vyvol\u00e1vala diskuse a soci\u00e1ln\u00ed s\u00edt\u011b pouze zajistily, \u017ee jsou tyto rozd\u00edln\u00e9 n\u00e1zory mnohem viditeln\u011bj\u0161\u00ed. Osobn\u00ed vkus v\u0161ak automaticky ned\u00e1v\u00e1 nikomu pr\u00e1vo ur\u010dovat, co m\u00e1 d\u011blat jin\u00fd dosp\u011bl\u00fd \u010dlov\u011bk.<\/p>\n\n\n\n<p class=\"wp-block-paragraph\">Video 54let\u00e9 \u017eeny vyvolalo pozornost pr\u00e1v\u011b proto, \u017ee debata rychle p\u0159ekro\u010dila hranice m\u00f3dy. Uk\u00e1zala rozd\u00edln\u00e9 p\u0159edstavy o st\u00e1rnut\u00ed, \u017eenskosti a o tom, kdo m\u00e1 pr\u00e1vo z\u016fstat sebev\u011bdom\u00fd a viditeln\u00fd.<\/p>\n\n\n\n<p class=\"wp-block-paragraph\">N\u011bkte\u0159\u00ed lid\u00e9 vid\u011bli n\u011bco nevhodn\u00e9ho. Jin\u00ed vid\u011bli svobodu a nez\u00e1vislost.<\/p>\n\n\n\n<p class=\"wp-block-paragraph\">Ob\u011b reakce z\u00e1rove\u0148 ukazuj\u00ed, jak hluboce st\u00e1le spojujeme \u017eensk\u00e9 oble\u010den\u00ed s v\u011bkem.<\/p>\n\n\n\n<p class=\"wp-block-paragraph\">St\u00e1rnut\u00ed p\u0159in\u00e1\u0161\u00ed mnoho zm\u011bn, ale nemus\u00ed znamenat ztr\u00e1tu individuality. Neexistuj\u00ed narozeniny, po kter\u00fdch by se \u017eena automaticky musela vzd\u00e1t v\u00fdrazn\u00e9ho oble\u010den\u00ed, plavek, dlouh\u00fdch vlas\u016f, make-upu nebo \u010dehokoli dal\u0161\u00edho, co m\u00e1 r\u00e1da.<\/p>\n\n\n\n<p class=\"wp-block-paragraph\">V\u011bk m\u016f\u017ee zm\u011bnit osobn\u00ed styl.<\/p>\n\n\n\n<p class=\"wp-block-paragraph\">Nemus\u00ed v\u0161ak \u010dlov\u011bku vz\u00edt svobodu rozhodovat o n\u011bm.<\/p>\n\n\n\n<p class=\"wp-block-paragraph\"><\/p>\n","protected":false},"excerpt":{"rendered":"\u017dena po pades\u00e1tce si obl\u00e9kne tanga, c\u00edt\u00ed se ve sv\u00e9m t\u011ble dob\u0159e, nato\u010d\u00ed kr\u00e1tk\u00e9 video a zve\u0159ejn\u00ed ho na internetu. Na prvn\u00ed pohled \n<a class=\"moretag\" href=\"https:\/\/ikuk.arminfonews.ru\/?p=9683\"> [...]<\/a>","protected":false},"author":1,"featured_media":9684,"comment_status":"open","ping_status":"open","sticky":false,"template":"","format":"standard","meta":{"footnotes":""},"categories":[1],"tags":[],"class_list":["post-9683","post","type-post","status-publish","format-standard","has-post-thumbnail","hentry","category-uncategorised"],"yoast_head":"<!-- This site is optimized with the Yoast SEO plugin v28.4 - https:\/\/yoast.com\/product\/yoast-seo-wordpress\/ -->\n<title>Kdo rozhoduje o tom, co maj\u00ed \u017eeny nosit po pades\u00e1tce? -<\/title>\n<meta name=\"robots\" content=\"index, follow, max-snippet:-1, max-image-preview:large, max-video-preview:-1\" \/>\n<link rel=\"canonical\" href=\"https:\/\/ikuk.arminfonews.ru\/?p=9683\" \/>\n<meta property=\"og:locale\" content=\"ru_RU\" \/>\n<meta property=\"og:type\" content=\"article\" \/>\n<meta property=\"og:title\" content=\"Kdo rozhoduje o tom, co maj\u00ed \u017eeny nosit po pades\u00e1tce? -\" \/>\n<meta property=\"og:description\" content=\"\u017dena po pades\u00e1tce si obl\u00e9kne tanga, c\u00edt\u00ed se ve sv\u00e9m t\u011ble dob\u0159e, nato\u010d\u00ed kr\u00e1tk\u00e9 video a zve\u0159ejn\u00ed ho na internetu. Na prvn\u00ed pohled\" \/>\n<meta property=\"og:url\" content=\"https:\/\/ikuk.arminfonews.ru\/?p=9683\" \/>\n<meta property=\"article:published_time\" content=\"2026-09-04T13:25:39+00:00\" \/>\n<meta property=\"article:modified_time\" content=\"2026-09-04T13:25:41+00:00\" \/>\n<meta property=\"og:image\" content=\"https:\/\/ikuk.arminfonews.ru\/wp-content\/uploads\/2026\/09\/85554-1024x538.png\" \/>\n\t<meta property=\"og:image:width\" content=\"1024\" \/>\n\t<meta property=\"og:image:height\" content=\"538\" \/>\n\t<meta property=\"og:image:type\" content=\"image\/png\" \/>\n<meta name=\"author\" content=\"admin\" \/>\n<meta name=\"twitter:card\" content=\"summary_large_image\" \/>\n<meta name=\"twitter:label1\" content=\"\u041d\u0430\u043f\u0438\u0441\u0430\u043d\u043e \u0430\u0432\u0442\u043e\u0440\u043e\u043c\" \/>\n\t<meta name=\"twitter:data1\" content=\"admin\" \/>\n\t<meta name=\"twitter:label2\" content=\"\u041f\u0440\u0438\u043c\u0435\u0440\u043d\u043e\u0435 \u0432\u0440\u0435\u043c\u044f \u0434\u043b\u044f \u0447\u0442\u0435\u043d\u0438\u044f\" \/>\n\t<meta name=\"twitter:data2\" content=\"9 \u043c\u0438\u043d\u0443\u0442\" \/>\n<script type=\"application\/ld+json\" class=\"yoast-schema-graph\">{\"@context\":\"https:\\\/\\\/schema.org\",\"@graph\":[{\"@type\":\"Article\",\"@id\":\"https:\\\/\\\/ikuk.arminfonews.ru\\\/?p=9683#article\",\"isPartOf\":{\"@id\":\"https:\\\/\\\/ikuk.arminfonews.ru\\\/?p=9683\"},\"author\":{\"name\":\"admin\",\"@id\":\"https:\\\/\\\/ikuk.arminfonews.ru\\\/#\\\/schema\\\/person\\\/a0f2d659891a86ef18b4c044f2ff8d9a\"},\"headline\":\"Kdo rozhoduje o tom, co maj\u00ed \u017eeny nosit po pades\u00e1tce?\",\"datePublished\":\"2026-09-04T13:25:39+00:00\",\"dateModified\":\"2026-09-04T13:25:41+00:00\",\"mainEntityOfPage\":{\"@id\":\"https:\\\/\\\/ikuk.arminfonews.ru\\\/?p=9683\"},\"wordCount\":2112,\"commentCount\":0,\"image\":{\"@id\":\"https:\\\/\\\/ikuk.arminfonews.ru\\\/?p=9683#primaryimage\"},\"thumbnailUrl\":\"https:\\\/\\\/ikuk.arminfonews.ru\\\/wp-content\\\/uploads\\\/2026\\\/09\\\/85554.png\",\"articleSection\":[\"NEWS\"],\"inLanguage\":\"ru-RU\",\"potentialAction\":[{\"@type\":\"CommentAction\",\"name\":\"Comment\",\"target\":[\"https:\\\/\\\/ikuk.arminfonews.ru\\\/?p=9683#respond\"]}]},{\"@type\":\"WebPage\",\"@id\":\"https:\\\/\\\/ikuk.arminfonews.ru\\\/?p=9683\",\"url\":\"https:\\\/\\\/ikuk.arminfonews.ru\\\/?p=9683\",\"name\":\"Kdo rozhoduje o tom, co maj\u00ed \u017eeny nosit po pades\u00e1tce? -\",\"isPartOf\":{\"@id\":\"https:\\\/\\\/ikuk.arminfonews.ru\\\/#website\"},\"primaryImageOfPage\":{\"@id\":\"https:\\\/\\\/ikuk.arminfonews.ru\\\/?p=9683#primaryimage\"},\"image\":{\"@id\":\"https:\\\/\\\/ikuk.arminfonews.ru\\\/?p=9683#primaryimage\"},\"thumbnailUrl\":\"https:\\\/\\\/ikuk.arminfonews.ru\\\/wp-content\\\/uploads\\\/2026\\\/09\\\/85554.png\",\"datePublished\":\"2026-09-04T13:25:39+00:00\",\"dateModified\":\"2026-09-04T13:25:41+00:00\",\"author\":{\"@id\":\"https:\\\/\\\/ikuk.arminfonews.ru\\\/#\\\/schema\\\/person\\\/a0f2d659891a86ef18b4c044f2ff8d9a\"},\"breadcrumb\":{\"@id\":\"https:\\\/\\\/ikuk.arminfonews.ru\\\/?p=9683#breadcrumb\"},\"inLanguage\":\"ru-RU\",\"potentialAction\":[{\"@type\":\"ReadAction\",\"target\":[\"https:\\\/\\\/ikuk.arminfonews.ru\\\/?p=9683\"]}]},{\"@type\":\"ImageObject\",\"inLanguage\":\"ru-RU\",\"@id\":\"https:\\\/\\\/ikuk.arminfonews.ru\\\/?p=9683#primaryimage\",\"url\":\"https:\\\/\\\/ikuk.arminfonews.ru\\\/wp-content\\\/uploads\\\/2026\\\/09\\\/85554.png\",\"contentUrl\":\"https:\\\/\\\/ikuk.arminfonews.ru\\\/wp-content\\\/uploads\\\/2026\\\/09\\\/85554.png\",\"width\":1731,\"height\":909},{\"@type\":\"BreadcrumbList\",\"@id\":\"https:\\\/\\\/ikuk.arminfonews.ru\\\/?p=9683#breadcrumb\",\"itemListElement\":[{\"@type\":\"ListItem\",\"position\":1,\"name\":\"\u0413\u043b\u0430\u0432\u043d\u0430\u044f \u0441\u0442\u0440\u0430\u043d\u0438\u0446\u0430\",\"item\":\"https:\\\/\\\/ikuk.arminfonews.ru\\\/\"},{\"@type\":\"ListItem\",\"position\":2,\"name\":\"Kdo rozhoduje o tom, co maj\u00ed \u017eeny nosit po pades\u00e1tce?\"}]},{\"@type\":\"WebSite\",\"@id\":\"https:\\\/\\\/ikuk.arminfonews.ru\\\/#website\",\"url\":\"https:\\\/\\\/ikuk.arminfonews.ru\\\/\",\"name\":\"\",\"description\":\"\",\"potentialAction\":[{\"@type\":\"SearchAction\",\"target\":{\"@type\":\"EntryPoint\",\"urlTemplate\":\"https:\\\/\\\/ikuk.arminfonews.ru\\\/?s={search_term_string}\"},\"query-input\":{\"@type\":\"PropertyValueSpecification\",\"valueRequired\":true,\"valueName\":\"search_term_string\"}}],\"inLanguage\":\"ru-RU\"},{\"@type\":\"Person\",\"@id\":\"https:\\\/\\\/ikuk.arminfonews.ru\\\/#\\\/schema\\\/person\\\/a0f2d659891a86ef18b4c044f2ff8d9a\",\"name\":\"admin\",\"image\":{\"@type\":\"ImageObject\",\"inLanguage\":\"ru-RU\",\"@id\":\"https:\\\/\\\/secure.gravatar.com\\\/avatar\\\/0ed435f9e4056e0930898ce78c89fa82fe18d3c798c761c71f1f33be878b3b0b?s=96&d=mm&r=g\",\"url\":\"https:\\\/\\\/secure.gravatar.com\\\/avatar\\\/0ed435f9e4056e0930898ce78c89fa82fe18d3c798c761c71f1f33be878b3b0b?s=96&d=mm&r=g\",\"contentUrl\":\"https:\\\/\\\/secure.gravatar.com\\\/avatar\\\/0ed435f9e4056e0930898ce78c89fa82fe18d3c798c761c71f1f33be878b3b0b?s=96&d=mm&r=g\",\"caption\":\"admin\"},\"sameAs\":[\"http:\\\/\\\/ikuk.arminfonews.ru\"],\"url\":\"https:\\\/\\\/ikuk.arminfonews.ru\\\/?author=1\"}]}<\/script>\n<!-- \/ Yoast SEO plugin. -->","yoast_head_json":{"title":"Kdo rozhoduje o tom, co maj\u00ed \u017eeny nosit po pades\u00e1tce? -","robots":{"index":"index","follow":"follow","max-snippet":"max-snippet:-1","max-image-preview":"max-image-preview:large","max-video-preview":"max-video-preview:-1"},"canonical":"https:\/\/ikuk.arminfonews.ru\/?p=9683","og_locale":"ru_RU","og_type":"article","og_title":"Kdo rozhoduje o tom, co maj\u00ed \u017eeny nosit po pades\u00e1tce? -","og_description":"\u017dena po pades\u00e1tce si obl\u00e9kne tanga, c\u00edt\u00ed se ve sv\u00e9m t\u011ble dob\u0159e, nato\u010d\u00ed kr\u00e1tk\u00e9 video a zve\u0159ejn\u00ed ho na internetu. Na prvn\u00ed pohled","og_url":"https:\/\/ikuk.arminfonews.ru\/?p=9683","article_published_time":"2026-09-04T13:25:39+00:00","article_modified_time":"2026-09-04T13:25:41+00:00","og_image":[{"width":1024,"height":538,"url":"https:\/\/ikuk.arminfonews.ru\/wp-content\/uploads\/2026\/09\/85554-1024x538.png","type":"image\/png"}],"author":"admin","twitter_card":"summary_large_image","twitter_misc":{"\u041d\u0430\u043f\u0438\u0441\u0430\u043d\u043e \u0430\u0432\u0442\u043e\u0440\u043e\u043c":"admin","\u041f\u0440\u0438\u043c\u0435\u0440\u043d\u043e\u0435 \u0432\u0440\u0435\u043c\u044f \u0434\u043b\u044f \u0447\u0442\u0435\u043d\u0438\u044f":"9 \u043c\u0438\u043d\u0443\u0442"},"schema":{"@context":"https:\/\/schema.org","@graph":[{"@type":"Article","@id":"https:\/\/ikuk.arminfonews.ru\/?p=9683#article","isPartOf":{"@id":"https:\/\/ikuk.arminfonews.ru\/?p=9683"},"author":{"name":"admin","@id":"https:\/\/ikuk.arminfonews.ru\/#\/schema\/person\/a0f2d659891a86ef18b4c044f2ff8d9a"},"headline":"Kdo rozhoduje o tom, co maj\u00ed \u017eeny nosit po pades\u00e1tce?","datePublished":"2026-09-04T13:25:39+00:00","dateModified":"2026-09-04T13:25:41+00:00","mainEntityOfPage":{"@id":"https:\/\/ikuk.arminfonews.ru\/?p=9683"},"wordCount":2112,"commentCount":0,"image":{"@id":"https:\/\/ikuk.arminfonews.ru\/?p=9683#primaryimage"},"thumbnailUrl":"https:\/\/ikuk.arminfonews.ru\/wp-content\/uploads\/2026\/09\/85554.png","articleSection":["NEWS"],"inLanguage":"ru-RU","potentialAction":[{"@type":"CommentAction","name":"Comment","target":["https:\/\/ikuk.arminfonews.ru\/?p=9683#respond"]}]},{"@type":"WebPage","@id":"https:\/\/ikuk.arminfonews.ru\/?p=9683","url":"https:\/\/ikuk.arminfonews.ru\/?p=9683","name":"Kdo rozhoduje o tom, co maj\u00ed \u017eeny nosit po pades\u00e1tce? -","isPartOf":{"@id":"https:\/\/ikuk.arminfonews.ru\/#website"},"primaryImageOfPage":{"@id":"https:\/\/ikuk.arminfonews.ru\/?p=9683#primaryimage"},"image":{"@id":"https:\/\/ikuk.arminfonews.ru\/?p=9683#primaryimage"},"thumbnailUrl":"https:\/\/ikuk.arminfonews.ru\/wp-content\/uploads\/2026\/09\/85554.png","datePublished":"2026-09-04T13:25:39+00:00","dateModified":"2026-09-04T13:25:41+00:00","author":{"@id":"https:\/\/ikuk.arminfonews.ru\/#\/schema\/person\/a0f2d659891a86ef18b4c044f2ff8d9a"},"breadcrumb":{"@id":"https:\/\/ikuk.arminfonews.ru\/?p=9683#breadcrumb"},"inLanguage":"ru-RU","potentialAction":[{"@type":"ReadAction","target":["https:\/\/ikuk.arminfonews.ru\/?p=9683"]}]},{"@type":"ImageObject","inLanguage":"ru-RU","@id":"https:\/\/ikuk.arminfonews.ru\/?p=9683#primaryimage","url":"https:\/\/ikuk.arminfonews.ru\/wp-content\/uploads\/2026\/09\/85554.png","contentUrl":"https:\/\/ikuk.arminfonews.ru\/wp-content\/uploads\/2026\/09\/85554.png","width":1731,"height":909},{"@type":"BreadcrumbList","@id":"https:\/\/ikuk.arminfonews.ru\/?p=9683#breadcrumb","itemListElement":[{"@type":"ListItem","position":1,"name":"\u0413\u043b\u0430\u0432\u043d\u0430\u044f \u0441\u0442\u0440\u0430\u043d\u0438\u0446\u0430","item":"https:\/\/ikuk.arminfonews.ru\/"},{"@type":"ListItem","position":2,"name":"Kdo rozhoduje o tom, co maj\u00ed \u017eeny nosit po pades\u00e1tce?"}]},{"@type":"WebSite","@id":"https:\/\/ikuk.arminfonews.ru\/#website","url":"https:\/\/ikuk.arminfonews.ru\/","name":"","description":"","potentialAction":[{"@type":"SearchAction","target":{"@type":"EntryPoint","urlTemplate":"https:\/\/ikuk.arminfonews.ru\/?s={search_term_string}"},"query-input":{"@type":"PropertyValueSpecification","valueRequired":true,"valueName":"search_term_string"}}],"inLanguage":"ru-RU"},{"@type":"Person","@id":"https:\/\/ikuk.arminfonews.ru\/#\/schema\/person\/a0f2d659891a86ef18b4c044f2ff8d9a","name":"admin","image":{"@type":"ImageObject","inLanguage":"ru-RU","@id":"https:\/\/secure.gravatar.com\/avatar\/0ed435f9e4056e0930898ce78c89fa82fe18d3c798c761c71f1f33be878b3b0b?s=96&d=mm&r=g","url":"https:\/\/secure.gravatar.com\/avatar\/0ed435f9e4056e0930898ce78c89fa82fe18d3c798c761c71f1f33be878b3b0b?s=96&d=mm&r=g","contentUrl":"https:\/\/secure.gravatar.com\/avatar\/0ed435f9e4056e0930898ce78c89fa82fe18d3c798c761c71f1f33be878b3b0b?s=96&d=mm&r=g","caption":"admin"},"sameAs":["http:\/\/ikuk.arminfonews.ru"],"url":"https:\/\/ikuk.arminfonews.ru\/?author=1"}]}},"_links":{"self":[{"href":"https:\/\/ikuk.arminfonews.ru\/index.php?rest_route=\/wp\/v2\/posts\/9683","targetHints":{"allow":["GET"]}}],"collection":[{"href":"https:\/\/ikuk.arminfonews.ru\/index.php?rest_route=\/wp\/v2\/posts"}],"about":[{"href":"https:\/\/ikuk.arminfonews.ru\/index.php?rest_route=\/wp\/v2\/types\/post"}],"author":[{"embeddable":true,"href":"https:\/\/ikuk.arminfonews.ru\/index.php?rest_route=\/wp\/v2\/users\/1"}],"replies":[{"embeddable":true,"href":"https:\/\/ikuk.arminfonews.ru\/index.php?rest_route=%2Fwp%2Fv2%2Fcomments&post=9683"}],"version-history":[{"count":1,"href":"https:\/\/ikuk.arminfonews.ru\/index.php?rest_route=\/wp\/v2\/posts\/9683\/revisions"}],"predecessor-version":[{"id":9685,"href":"https:\/\/ikuk.arminfonews.ru\/index.php?rest_route=\/wp\/v2\/posts\/9683\/revisions\/9685"}],"wp:featuredmedia":[{"embeddable":true,"href":"https:\/\/ikuk.arminfonews.ru\/index.php?rest_route=\/wp\/v2\/media\/9684"}],"wp:attachment":[{"href":"https:\/\/ikuk.arminfonews.ru\/index.php?rest_route=%2Fwp%2Fv2%2Fmedia&parent=9683"}],"wp:term":[{"taxonomy":"category","embeddable":true,"href":"https:\/\/ikuk.arminfonews.ru\/index.php?rest_route=%2Fwp%2Fv2%2Fcategories&post=9683"},{"taxonomy":"post_tag","embeddable":true,"href":"https:\/\/ikuk.arminfonews.ru\/index.php?rest_route=%2Fwp%2Fv2%2Ftags&post=9683"}],"curies":[{"name":"wp","href":"https:\/\/api.w.org\/{rel}","templated":true}]}}