{"id":9680,"date":"2026-09-04T13:59:03","date_gmt":"2026-09-04T12:59:03","guid":{"rendered":"https:\/\/ikuk.arminfonews.ru\/?p=9680"},"modified":"2026-09-04T13:59:04","modified_gmt":"2026-09-04T12:59:04","slug":"svatebni-zert-ktery-zmenil-uplne-vsechno","status":"publish","type":"post","link":"https:\/\/ikuk.arminfonews.ru\/?p=9680","title":{"rendered":"Svatebn\u00ed \u017eert, kter\u00fd zm\u011bnil \u00fapln\u011b v\u0161echno"},"content":{"rendered":"\n<p class=\"wp-block-paragraph\">Po v\u011bt\u0161inu dne byla Claire p\u0159esv\u011bd\u010den\u00e1, \u017ee jej\u00ed svatbu nem\u016f\u017ee nic pokazit.<\/p>\n\n\n\n<p class=\"wp-block-paragraph\">R\u00e1no za\u010dalo obvykl\u00fdm nerv\u00f3zn\u00edm vzru\u0161en\u00edm: \u0161aty visely na dve\u0159\u00edch, p\u0159\u00edbuzn\u00ed pob\u00edhali z m\u00edstnosti do m\u00edstnosti, n\u011bkdo hledal ztracen\u00e9 n\u00e1u\u0161nice a fotograf v\u0161echny prosil, aby si stoupli bl\u00ed\u017e k oknu, proto\u017ee tam bylo lep\u0161\u00ed sv\u011btlo.<\/p>\n\n\n\n<p class=\"wp-block-paragraph\">Pozd\u011b odpoledne u\u017e byl ob\u0159ad za nimi. Claire si vzala Daniela p\u0159ed v\u00edce ne\u017e stovkou p\u0159\u00edbuzn\u00fdch a p\u0159\u00e1tel a svatebn\u00ed s\u00e1l z\u00e1\u0159il pod \u0159et\u011bzy tepl\u00fdch sv\u011btel.<\/p>\n\n\n\n<figure class=\"wp-block-image size-large\"><img loading=\"lazy\" decoding=\"async\" width=\"1024\" height=\"538\" src=\"https:\/\/ikuk.arminfonews.ru\/wp-content\/uploads\/2026\/09\/548-1024x538.png\" alt=\"\" class=\"wp-image-9681\" srcset=\"https:\/\/ikuk.arminfonews.ru\/wp-content\/uploads\/2026\/09\/548-1024x538.png 1024w, https:\/\/ikuk.arminfonews.ru\/wp-content\/uploads\/2026\/09\/548-300x158.png 300w, https:\/\/ikuk.arminfonews.ru\/wp-content\/uploads\/2026\/09\/548-767x403.png 767w, https:\/\/ikuk.arminfonews.ru\/wp-content\/uploads\/2026\/09\/548-1536x807.png 1536w, https:\/\/ikuk.arminfonews.ru\/wp-content\/uploads\/2026\/09\/548.png 1731w\" sizes=\"auto, (max-width: 1024px) 100vw, 1024px\" \/><\/figure>\n\n\n\n<p class=\"wp-block-paragraph\">Jej\u00ed matka vypadala \u0161\u0165astn\u011bj\u0161\u00ed, ne\u017e ji Claire vid\u011bla za posledn\u00ed roky.<\/p>\n\n\n\n<p class=\"wp-block-paragraph\">A pak tu byl Nathan.<\/p>\n\n\n\n<p class=\"wp-block-paragraph\">Clai\u0159in star\u0161\u00ed bratr m\u011bl v jej\u00edm \u017eivot\u011b v\u017edy zvl\u00e1\u0161tn\u00ed m\u00edsto. Jejich otec zem\u0159el, kdy\u017e byli je\u0161t\u011b mlad\u00ed, a Nathan na sebe postupn\u011b p\u0159evzal povinnosti, kter\u00e9 by \u017e\u00e1dn\u00fd dosp\u00edvaj\u00edc\u00ed \u010dlov\u011bk n\u00e9st nem\u011bl. Opravoval v\u011bci doma, vozil Claire na \u0161koln\u00ed akce, kdy\u017e jejich matka pracovala, a pozd\u011bji se stal \u010dlov\u011bkem, kter\u00e9mu volala poka\u017ed\u00e9, kdy\u017e se n\u011bco pokazilo.<\/p>\n\n\n\n<p class=\"wp-block-paragraph\">Nebyl panova\u010dn\u00fd. Do jej\u00edho \u017eivota zasahoval jen z\u0159\u00eddka.<\/p>\n\n\n\n<p class=\"wp-block-paragraph\">Ale v\u0161\u00edmal si v\u011bc\u00ed, kter\u00e9 ostatn\u00ed p\u0159ehl\u00ed\u017eeli.<\/p>\n\n\n\n<p class=\"wp-block-paragraph\">Kdy\u017e Claire poprv\u00e9 p\u0159edstavila Daniela rodin\u011b, Nathan byl zdvo\u0159il\u00fd a p\u0159\u00e1telsk\u00fd. Nikdy j\u00ed ne\u0159\u00edkal, s k\u00fdm m\u00e1 chodit nebo koho si m\u00e1 vz\u00edt. P\u0159esto ho Claire ob\u010das p\u0159istihla, jak Daniela pozoruje s v\u00fdrazem \u010dlov\u011bka, kter\u00fd se sna\u017e\u00ed vy\u0159e\u0161it slo\u017eitou h\u00e1danku.<\/p>\n\n\n\n<p class=\"wp-block-paragraph\">Daniel dok\u00e1zal b\u00fdt okouzluj\u00edc\u00ed. Byl energick\u00fd, vtipn\u00fd a miloval pozornost. Na ve\u010d\u00edrc\u00edch se kolem n\u011bj lid\u00e9 \u010dasto shroma\u017e\u010fovali, proto\u017ee m\u011bl v\u017edy n\u011bjakou historku.<\/p>\n\n\n\n<p class=\"wp-block-paragraph\">Claire jeho sebev\u011bdom\u00ed milovala.<\/p>\n\n\n\n<p class=\"wp-block-paragraph\">Jen\u017ee jeho vtipy n\u011bkdy p\u0159ekra\u010dovaly hranice.<\/p>\n\n\n\n<p class=\"wp-block-paragraph\">Dok\u00e1zal p\u0159ed ostatn\u00edmi zesm\u011b\u0161nit kamar\u00e1da a potom tvrdil, \u017ee jsou v\u0161ichni p\u0159\u00edli\u0161 citliv\u00ed. Kdy\u017e se proti tomu Claire ohradila, obvykle ji objal a \u0159ekl, \u017ee se p\u0159ece jen bav\u00ed.<\/p>\n\n\n\n<p class=\"wp-block-paragraph\">V\u011bt\u0161inou to nechala b\u00fdt.<\/p>\n\n\n\n<p class=\"wp-block-paragraph\">Necht\u011bla vypadat jako \u010dlov\u011bk, kter\u00fd nerozum\u00ed legraci.<\/p>\n\n\n\n<p class=\"wp-block-paragraph\">V den jejich svatby v\u0161ak tento zvyk narazil na hranici, kterou p\u0159edem stanovila naprosto jasn\u011b.<\/p>\n\n\n\n<h2 class=\"wp-block-heading\">Jedna jednoduch\u00e1 prosba<\/h2>\n\n\n\n<p class=\"wp-block-paragraph\">N\u011bkolik t\u00fddn\u016f p\u0159ed svatbou sledovali Claire a Daniel na internetu svatebn\u00ed videa. Na n\u011bkter\u00fdch si novoman\u017eel\u00e9 romanticky d\u00e1vali ochutnat dort. Na jin\u00fdch \u017eenichov\u00e9 a nev\u011bsty jeden druh\u00e9mu rozmaz\u00e1vali dort po obli\u010deji.<\/p>\n\n\n\n<p class=\"wp-block-paragraph\">Daniel se t\u011bmto sc\u00e9n\u00e1m sm\u00e1l.<\/p>\n\n\n\n<p class=\"wp-block-paragraph\">Claire ne.<\/p>\n\n\n\n<p class=\"wp-block-paragraph\">\u201ePros\u00edm, ned\u011blej mi to,\u201c \u0159ekla mu.<\/p>\n\n\n\n<p class=\"wp-block-paragraph\">Myslela to v\u00e1\u017en\u011b.<\/p>\n\n\n\n<p class=\"wp-block-paragraph\">Vysv\u011btlila, \u017ee p\u0159\u00edprav\u00e1m v\u011bnovala spoustu \u010dasu a nechce m\u00edt kv\u016fli n\u011bkolika sekund\u00e1m z\u00e1bavy zni\u010den\u00fd \u00fa\u010des, make-up ani \u0161aty.<\/p>\n\n\n\n<p class=\"wp-block-paragraph\">Daniel sl\u00edbil, \u017ee to ch\u00e1pe.<\/p>\n\n\n\n<p class=\"wp-block-paragraph\">T\u00edm m\u011bla b\u00fdt cel\u00e1 v\u011bc uzav\u0159ena.<\/p>\n\n\n\n<p class=\"wp-block-paragraph\">Po ve\u010de\u0159i p\u0159i\u0161el \u010das na svatebn\u00ed dort. Host\u00e9 se shrom\u00e1\u017edili kolem novoman\u017eel\u016f s telefony v rukou a fotograf postavil Claire s Danielem vedle dortu.<\/p>\n\n\n\n<p class=\"wp-block-paragraph\">Claire polo\u017eila ruku na Danielovu a spole\u010dn\u011b ukrojili prvn\u00ed kousek.<\/p>\n\n\n\n<p class=\"wp-block-paragraph\">Host\u00e9 zatleskali.<\/p>\n\n\n\n<p class=\"wp-block-paragraph\">Daniel zvedl mal\u00fd kousek dortu k jej\u00edm \u00fast\u016fm.<\/p>\n\n\n\n<p class=\"wp-block-paragraph\">Claire se usm\u00e1la a naklonila se dop\u0159edu.<\/p>\n\n\n\n<p class=\"wp-block-paragraph\">Vtom si v\u0161imla jeho v\u00fdrazu.<\/p>\n\n\n\n<p class=\"wp-block-paragraph\">Na tv\u00e1\u0159i m\u011bl potuteln\u00fd \u00fasm\u011bv.<\/p>\n\n\n\n<p class=\"wp-block-paragraph\">Ne\u017e sta\u010dila zareagovat, polo\u017eil j\u00ed ruku zezadu na hlavu.<\/p>\n\n\n\n<p class=\"wp-block-paragraph\">A zatla\u010dil.<\/p>\n\n\n\n<p class=\"wp-block-paragraph\">Clai\u0159in obli\u010dej skon\u010dil p\u0159\u00edmo v dortu.<\/p>\n\n\n\n<p class=\"wp-block-paragraph\">N\u011bkolik vte\u0159in nech\u00e1pala, co se pr\u00e1v\u011b stalo.<\/p>\n\n\n\n<p class=\"wp-block-paragraph\">Studen\u00fd kr\u00e9m m\u011bla na tv\u00e1\u0159i i nose. Poleva j\u00ed ulp\u011bla na \u0159as\u00e1ch a ve vlasech. \u010c\u00e1st ozdoben\u00e9 vrstvy dortu se sesunula na st\u016fl.<\/p>\n\n\n\n<p class=\"wp-block-paragraph\">Pak usly\u0161ela sm\u00edch.<\/p>\n\n\n\n<p class=\"wp-block-paragraph\">Daniel se sm\u00e1l hlasit\u011bji ne\u017e kdokoli jin\u00fd.<\/p>\n\n\n\n<p class=\"wp-block-paragraph\">\u201eNo tak,\u201c \u0159ekl. \u201eV\u017edy\u0165 je to vtipn\u00e9.\u201c<\/p>\n\n\n\n<p class=\"wp-block-paragraph\">N\u011bkolik host\u016f se nejist\u011b zasm\u00e1lo. Jin\u00ed okam\u017eit\u011b ztichli.<\/p>\n\n\n\n<p class=\"wp-block-paragraph\">Claire se pomalu narovnala.<\/p>\n\n\n\n<p class=\"wp-block-paragraph\">Najednou m\u011bla pocit, \u017ee je s\u00e1l obrovsk\u00fd a v\u0161ichni se d\u00edvaj\u00ed jen na ni.<\/p>\n\n\n\n<p class=\"wp-block-paragraph\">C\u00edtila, jak j\u00ed kr\u00e9m st\u00e9k\u00e1 k v\u00fdst\u0159ihu \u0161at\u016f. Pe\u010dliv\u011b upraven\u00e9 vlasy j\u00ed \u010d\u00e1ste\u010dn\u011b spadly do obli\u010deje.<\/p>\n\n\n\n<p class=\"wp-block-paragraph\">Jen\u017ee nepo\u0159\u00e1dek nebyl t\u00edm, co ji bolelo nejv\u00edc.<\/p>\n\n\n\n<p class=\"wp-block-paragraph\">Daniel to v\u011bd\u011bl.<\/p>\n\n\n\n<p class=\"wp-block-paragraph\">V\u00fdslovn\u011b ho po\u017e\u00e1dala, aby to ned\u011blal.<\/p>\n\n\n\n<p class=\"wp-block-paragraph\">A on j\u00ed sl\u00edbil, \u017ee jej\u00ed p\u0159\u00e1n\u00ed respektuje.<\/p>\n\n\n\n<p class=\"wp-block-paragraph\">P\u0159esto se rozhodl ud\u011blat p\u0159esn\u00fd opak p\u0159ed v\u0161emi lidmi, kter\u00e9 znali.<\/p>\n\n\n\n<p class=\"wp-block-paragraph\">Claire se na n\u011bj pod\u00edvala a \u010dekala, \u017ee kdy\u017e uvid\u00ed jej\u00ed v\u00fdraz, alespo\u0148 se omluv\u00ed.<\/p>\n\n\n\n<p class=\"wp-block-paragraph\">M\u00edsto toho vypadal spokojen\u011b.<\/p>\n\n\n\n<p class=\"wp-block-paragraph\">\u201ePod\u00edvejte se na ni!\u201c zavolal sm\u011brem ke sv\u00fdm p\u0159\u00e1tel\u016fm.<\/p>\n\n\n\n<p class=\"wp-block-paragraph\">V tu chv\u00edli Nathan vstal.<\/p>\n\n\n\n<h2 class=\"wp-block-heading\">Bratr, kter\u00fd u\u017e vid\u011bl dost<\/h2>\n\n\n\n<p class=\"wp-block-paragraph\">Nathan sed\u011bl s jejich matkou o n\u011bkolik stol\u016f d\u00e1l.<\/p>\n\n\n\n<p class=\"wp-block-paragraph\">Vstal a zam\u00ed\u0159il ke stolu s dortem.<\/p>\n\n\n\n<p class=\"wp-block-paragraph\">Nek\u0159i\u010del.<\/p>\n\n\n\n<p class=\"wp-block-paragraph\">A pr\u00e1v\u011b to Claire znepokojilo v\u00edc, ne\u017e kdyby za\u010dal zu\u0159it.<\/p>\n\n\n\n<p class=\"wp-block-paragraph\">Daniel si v\u0161iml, \u017ee p\u0159ich\u00e1z\u00ed.<\/p>\n\n\n\n<p class=\"wp-block-paragraph\">\u201eKlid, k\u00e1mo,\u201c \u0159ekl. \u201eJe to jen svatebn\u00ed vt\u00edpek.\u201c<\/p>\n\n\n\n<p class=\"wp-block-paragraph\">Nathan se zastavil vedle sv\u00e9 sestry.<\/p>\n\n\n\n<p class=\"wp-block-paragraph\">Vzal \u010dist\u00fd ubrousek a podal j\u00ed ho.<\/p>\n\n\n\n<p class=\"wp-block-paragraph\">\u201eJsi v po\u0159\u00e1dku?\u201c<\/p>\n\n\n\n<p class=\"wp-block-paragraph\">Claire nedok\u00e1zala okam\u017eit\u011b odpov\u011bd\u011bt.<\/p>\n\n\n\n<p class=\"wp-block-paragraph\">Nathan se pod\u00edval na Daniela.<\/p>\n\n\n\n<p class=\"wp-block-paragraph\">\u201e\u0158ekla ti, \u017ee nechce, abys to ud\u011blal?\u201c<\/p>\n\n\n\n<p class=\"wp-block-paragraph\">Daniel\u016fv \u00fasm\u011bv zesl\u00e1bl.<\/p>\n\n\n\n<p class=\"wp-block-paragraph\">\u201eByla to jen legrace.\u201c<\/p>\n\n\n\n<p class=\"wp-block-paragraph\">\u201eNa to jsem se neptal.\u201c<\/p>\n\n\n\n<p class=\"wp-block-paragraph\">V s\u00e1le bylo t\u00e9m\u011b\u0159 \u00fapln\u00e9 ticho.<\/p>\n\n\n\n<p class=\"wp-block-paragraph\">Claire si ot\u00edrala kr\u00e9m z okol\u00ed o\u010d\u00ed.<\/p>\n\n\n\n<p class=\"wp-block-paragraph\">Daniel pokr\u010dil rameny.<\/p>\n\n\n\n<p class=\"wp-block-paragraph\">\u201eJo, zm\u00ednila se o tom. Ale v\u00e1\u017en\u011b, v\u017edy\u0165 tohle d\u011bl\u00e1 ka\u017ed\u00fd.\u201c<\/p>\n\n\n\n<p class=\"wp-block-paragraph\">Nathan se na n\u011bj n\u011bkolik sekund d\u00edval.<\/p>\n\n\n\n<p class=\"wp-block-paragraph\">Potom se oto\u010dil k host\u016fm.<\/p>\n\n\n\n<p class=\"wp-block-paragraph\">Nep\u0159i\u0161la \u017e\u00e1dn\u00e1 r\u00e1na. \u017d\u00e1dn\u00fd p\u0159evr\u00e1cen\u00fd st\u016fl. \u017d\u00e1dn\u00e1 fyzick\u00e1 poty\u010dka.<\/p>\n\n\n\n<p class=\"wp-block-paragraph\">M\u00edsto toho Nathan p\u0159e\u0161el k mikrofonu, kter\u00fd se p\u0159edt\u00edm pou\u017e\u00edval b\u011bhem svatebn\u00edch proslov\u016f.<\/p>\n\n\n\n<p class=\"wp-block-paragraph\">Toto jednoduch\u00e9 rozhodnut\u00ed okam\u017eit\u011b zm\u011bnilo atmosf\u00e9ru v cel\u00e9 m\u00edstnosti.<\/p>\n\n\n\n<p class=\"wp-block-paragraph\">Pod\u00edval se na Daniela a klidn\u011b \u0159ekl:<\/p>\n\n\n\n<p class=\"wp-block-paragraph\">\u201eVtip je n\u011bco, \u010demu se mohou zasm\u00e1t oba.\u201c<\/p>\n\n\n\n<p class=\"wp-block-paragraph\">Nikdo nepromluvil.<\/p>\n\n\n\n<p class=\"wp-block-paragraph\">Potom se Nathan obr\u00e1til ke sv\u00e9 sest\u0159e.<\/p>\n\n\n\n<p class=\"wp-block-paragraph\">\u201eClaire, nemus\u00ed\u0161 tady st\u00e1t a p\u0159edst\u00edrat, \u017ee se bav\u00ed\u0161, jen proto, \u017ee v\u0161ichni p\u0159i\u0161li na svatbu.\u201c<\/p>\n\n\n\n<p class=\"wp-block-paragraph\">Tato slova ji zas\u00e1hla v\u00edc ne\u017e samotn\u00fd dort.<\/p>\n\n\n\n<p class=\"wp-block-paragraph\">Celou dobu od incidentu toti\u017e p\u0159em\u00fd\u0161lela o ostatn\u00edch.<\/p>\n\n\n\n<p class=\"wp-block-paragraph\">O hostech.<\/p>\n\n\n\n<p class=\"wp-block-paragraph\">O fotografi\u00edch.<\/p>\n\n\n\n<p class=\"wp-block-paragraph\">O sv\u00e9 matce.<\/p>\n\n\n\n<p class=\"wp-block-paragraph\">O pen\u011bz\u00edch utracen\u00fdch za svatbu.<\/p>\n\n\n\n<p class=\"wp-block-paragraph\">O tom, co si lid\u00e9 pomysl\u00ed, pokud za\u010dne plakat.<\/p>\n\n\n\n<p class=\"wp-block-paragraph\">A co budou \u0159\u00edkat, pokud odejde.<\/p>\n\n\n\n<p class=\"wp-block-paragraph\">Nathan j\u00ed p\u0159ipomn\u011bl n\u011bco velmi jednoduch\u00e9ho: m\u011bla pr\u00e1vo rozhodovat o tom, jak se k n\u00ed ostatn\u00ed budou chovat.<\/p>\n\n\n\n<p class=\"wp-block-paragraph\">Daniel se za\u010dal br\u00e1nit.<\/p>\n\n\n\n<p class=\"wp-block-paragraph\">\u201eTohle je absurdn\u00ed,\u201c \u0159ekl. \u201eD\u011bl\u00e1te z ni\u010deho obrovsk\u00fd probl\u00e9m.\u201c<\/p>\n\n\n\n<p class=\"wp-block-paragraph\">Claire se na n\u011bj kone\u010dn\u011b pod\u00edvala p\u0159\u00edmo.<\/p>\n\n\n\n<p class=\"wp-block-paragraph\">\u201eNe,\u201c odpov\u011bd\u011bla. \u201eTen probl\u00e9m jsi vytvo\u0159il ty.\u201c<\/p>\n\n\n\n<h2 class=\"wp-block-heading\">U\u017e ne\u0161lo jen o dort<\/h2>\n\n\n\n<p class=\"wp-block-paragraph\">Nathan nemusel \u0159\u00edkat nic dal\u0161\u00edho.<\/p>\n\n\n\n<p class=\"wp-block-paragraph\">Claire ode\u0161la od dortu do mal\u00e9 soukrom\u00e9 m\u00edstnosti vedle svatebn\u00edho s\u00e1lu. Jej\u00ed matka a dv\u011b kamar\u00e1dky \u0161ly za n\u00ed.<\/p>\n\n\n\n<p class=\"wp-block-paragraph\">O\u010distila si obli\u010dej a pokusila se upravit vlasy.<\/p>\n\n\n\n<p class=\"wp-block-paragraph\">N\u011bkolik minut j\u00ed nikdo ne\u0159\u00edkal, co m\u00e1 ud\u011blat.<\/p>\n\n\n\n<p class=\"wp-block-paragraph\">A pr\u00e1v\u011b to pot\u0159ebovala.<\/p>\n\n\n\n<p class=\"wp-block-paragraph\">Kdy\u017e prvotn\u00ed pon\u00ed\u017een\u00ed trochu ustoupilo, Claire pochopila, \u017ee probl\u00e9mem v\u016fbec nebyl kr\u00e9m na jej\u00edch \u0161atech.<\/p>\n\n\n\n<p class=\"wp-block-paragraph\">Kdyby ji Daniel pon\u00ed\u017eil omylem, okam\u017eit\u011b se omluvil a pokusil se situaci napravit, v\u0161echno mohlo vypadat jinak.<\/p>\n\n\n\n<p class=\"wp-block-paragraph\">Jen\u017ee tohle nebyla nehoda.<\/p>\n\n\n\n<p class=\"wp-block-paragraph\">Claire jasn\u011b stanovila hranici.<\/p>\n\n\n\n<p class=\"wp-block-paragraph\">Daniel sl\u00edbil, \u017ee ji bude respektovat.<\/p>\n\n\n\n<p class=\"wp-block-paragraph\">A potom ji \u00famysln\u011b p\u0159ekro\u010dil, proto\u017ee si myslel, \u017ee reakce jeho nev\u011bsty pobav\u00ed ostatn\u00ed.<\/p>\n\n\n\n<p class=\"wp-block-paragraph\">Je\u0161t\u011b hor\u0161\u00ed bylo, \u017ee kdy\u017e vid\u011bl, jak moc j\u00ed ubl\u00ed\u017eil, jeho prvn\u00ed reakc\u00ed nebyla omluva ani snaha ji uklidnit.<\/p>\n\n\n\n<p class=\"wp-block-paragraph\">Za\u010dal obhajovat sv\u016fj vtip.<\/p>\n\n\n\n<p class=\"wp-block-paragraph\">Claire si postupn\u011b vybavovala dal\u0161\u00ed men\u0161\u00ed situace z jejich vztahu.<\/p>\n\n\n\n<p class=\"wp-block-paragraph\">Soukrom\u00e9 p\u0159\u00edb\u011bhy, kter\u00e9 Daniel vypr\u00e1v\u011bl kamar\u00e1d\u016fm, p\u0159esto\u017ee ho \u017e\u00e1dala, aby to ned\u011blal.<\/p>\n\n\n\n<p class=\"wp-block-paragraph\">Posm\u011b\u0161ky, ve kter\u00fdch pokra\u010doval, i kdy\u017e mu \u0159ekla, \u017ee j\u00ed vad\u00ed.<\/p>\n\n\n\n<p class=\"wp-block-paragraph\">H\u00e1dky, b\u011bhem nich\u017e jej\u00ed pocity ozna\u010doval za p\u0159ehnan\u00e9.<\/p>\n\n\n\n<p class=\"wp-block-paragraph\">\u017d\u00e1dn\u00e1 z t\u011bchto situac\u00ed sama o sob\u011b j\u00ed d\u0159\u00edve nep\u0159ipadala natolik z\u00e1va\u017en\u00e1, aby kv\u016fli n\u00ed zpochybnila cel\u00fd vztah.<\/p>\n\n\n\n<p class=\"wp-block-paragraph\">Kdy\u017e je ale vid\u011bla v\u0161echny pohromad\u011b, za\u010daly vytv\u00e1\u0159et \u00fapln\u011b jin\u00fd obraz.<\/p>\n\n\n\n<p class=\"wp-block-paragraph\">Pr\u00e1v\u011b tak \u010dasto funguj\u00ed osobn\u00ed hranice. Jedna ud\u00e1lost m\u016f\u017ee vypadat bezv\u00fdznamn\u011b, pokud ji odd\u011bl\u00edme od v\u0161eho ostatn\u00edho. D\u016fle\u017eit\u011bj\u0161\u00ed ot\u00e1zkou je, zda nejde o opakuj\u00edc\u00ed se vzorec chov\u00e1n\u00ed.<\/p>\n\n\n\n<p class=\"wp-block-paragraph\">Bere partner va\u0161e pocity v\u00e1\u017en\u011b?<\/p>\n\n\n\n<p class=\"wp-block-paragraph\">Nebo pouze tehdy, kdy\u017e je to pro n\u011bj pohodln\u00e9?<\/p>\n\n\n\n<h2 class=\"wp-block-heading\">Jak ve skute\u010dnosti vypad\u00e1 respekt<\/h2>\n\n\n\n<p class=\"wp-block-paragraph\">Zdrav\u00fd vztah neznamen\u00e1, \u017ee se partne\u0159i mus\u00ed na v\u0161em shodnout.<\/p>\n\n\n\n<p class=\"wp-block-paragraph\">Jeden \u010dlov\u011bk m\u016f\u017ee n\u011bco pova\u017eovat za nesm\u00edrn\u011b vtipn\u00e9, zat\u00edmco druh\u00e9mu p\u0159ipad\u00e1 stejn\u00e1 v\u011bc poni\u017euj\u00edc\u00ed. Samotn\u00fd rozd\u00edl v n\u00e1zorech nemus\u00ed znamenat, \u017ee je n\u011bkdo \u0161patn\u00fd.<\/p>\n\n\n\n<p class=\"wp-block-paragraph\">Rozhoduj\u00edc\u00ed je to, co n\u00e1sleduje.<\/p>\n\n\n\n<p class=\"wp-block-paragraph\">Pokud partner \u0159ekne: \u201ePros\u00edm, ned\u011blej mi to,\u201c u\u017e nejde o to, zda dan\u00e1 v\u011bc p\u0159ipad\u00e1 n\u011bkomu jin\u00e9mu ne\u0161kodn\u00e1. Podstatn\u00e9 je, \u017ee \u010dlov\u011bk, kter\u00e9ho se p\u0159\u00edmo t\u00fdk\u00e1, jasn\u011b vyj\u00e1d\u0159il svou hranici.<\/p>\n\n\n\n<p class=\"wp-block-paragraph\">Samoz\u0159ejm\u011b, osobn\u00ed hranice by nem\u011bly slou\u017eit jako prost\u0159edek k ovl\u00e1d\u00e1n\u00ed \u017eivota druh\u00e9ho \u010dlov\u011bka.<\/p>\n\n\n\n<p class=\"wp-block-paragraph\">Ale \u017e\u00e1dost, aby v\u00e1s partner ve\u0159ejn\u011b fyzicky neponi\u017eoval, nen\u00ed snahou n\u011bkoho kontrolovat. Je to jednoduch\u00e1 \u017e\u00e1dost t\u00fdkaj\u00edc\u00ed se vlastn\u00ed d\u016fstojnosti a vlastn\u00edho t\u011bla.<\/p>\n\n\n\n<p class=\"wp-block-paragraph\">Stejn\u011b d\u016fle\u017eit\u00e9 je rozli\u0161ovat mezi \u00famyslem a n\u00e1sledkem.<\/p>\n\n\n\n<p class=\"wp-block-paragraph\">N\u011bkdo m\u016f\u017ee b\u00fdt skute\u010dn\u011b p\u0159esv\u011bd\u010den\u00fd, \u017ee jeho \u017eert bude legra\u010dn\u00ed.<\/p>\n\n\n\n<p class=\"wp-block-paragraph\">Jakmile v\u0161ak zjist\u00ed, \u017ee druh\u00e9mu \u010dlov\u011bku ubl\u00ed\u017eil, nesta\u010d\u00ed st\u00e1le opakovat, \u017ee \u201eto byla jen legrace\u201c.<\/p>\n\n\n\n<p class=\"wp-block-paragraph\">Skute\u010dn\u00e1 omluva znamen\u00e1 uznat, co se stalo, pochopit, pro\u010d to druh\u00e9mu ubl\u00ed\u017eilo, a podle toho zm\u011bnit sv\u00e9 budouc\u00ed chov\u00e1n\u00ed.<\/p>\n\n\n\n<h2 class=\"wp-block-heading\">Claire se rozhodla sama<\/h2>\n\n\n\n<p class=\"wp-block-paragraph\">Asi po p\u016flhodin\u011b se Claire vr\u00e1tila do s\u00e1lu.<\/p>\n\n\n\n<p class=\"wp-block-paragraph\">Daniel na ni \u010dekal.<\/p>\n\n\n\n<p class=\"wp-block-paragraph\">Jeho n\u00e1lada se zm\u011bnila.<\/p>\n\n\n\n<p class=\"wp-block-paragraph\">Tvrdil, \u017ee se cel\u00e1 situace zbyte\u010dn\u011b vymkla kontrole, a st\u011b\u017eoval si, \u017ee ho Nathan pon\u00ed\u017eil p\u0159ed jeho p\u0159\u00e1teli.<\/p>\n\n\n\n<p class=\"wp-block-paragraph\">Claire m\u00e1lem nev\u011b\u0159\u00edcn\u011b vyprskla sm\u00edchy nad ironi\u00ed cel\u00e9 situace.<\/p>\n\n\n\n<p class=\"wp-block-paragraph\">Poprv\u00e9 toho ve\u010dera u\u017e nem\u011bla pot\u0159ebu chr\u00e1nit Daniela p\u0159ed pocitem trapnosti.<\/p>\n\n\n\n<p class=\"wp-block-paragraph\">\u0158ekla mu, \u017ee pot\u0159ebuje prostor.<\/p>\n\n\n\n<p class=\"wp-block-paragraph\">Svatebn\u00ed hostina skon\u010dila mnohem d\u0159\u00edve, ne\u017e bylo pl\u00e1nov\u00e1no.<\/p>\n\n\n\n<p class=\"wp-block-paragraph\">Claire odjela se svou matkou, nikoli s Danielem.<\/p>\n\n\n\n<p class=\"wp-block-paragraph\">Nathan j\u00ed ne\u0159ekl, aby man\u017eelstv\u00ed okam\u017eit\u011b ukon\u010dila. Nenutil ji, aby b\u011bhem jedin\u00e9 emocion\u00e1ln\u011b vypjat\u00e9 noci u\u010dinila rozhodnut\u00ed na cel\u00fd \u017eivot.<\/p>\n\n\n\n<p class=\"wp-block-paragraph\">\u0158ekl j\u00ed pouze, \u017ee a\u0165 se rozhodne jakkoli, m\u011blo by to b\u00fdt jej\u00ed vlastn\u00ed rozhodnut\u00ed, nikoli rozhodnut\u00ed zalo\u017een\u00e9 na tom, \u017ee u\u017e prob\u011bhl ob\u0159ad a host\u00e9 p\u0159i\u0161li na svatbu.<\/p>\n\n\n\n<p class=\"wp-block-paragraph\">To bylo d\u016fle\u017eit\u00e9.<\/p>\n\n\n\n<p class=\"wp-block-paragraph\">Velk\u00e1 rozhodnut\u00ed o vztaz\u00edch se m\u00e1lokdy zlep\u0161\u00ed pod tlakem, i kdy\u017e tlak vytv\u00e1\u0159ej\u00ed lid\u00e9, kte\u0159\u00ed to s n\u00e1mi mysl\u00ed dob\u0159e.<\/p>\n\n\n\n<p class=\"wp-block-paragraph\">B\u011bhem n\u00e1sleduj\u00edc\u00edch dn\u016f vedli Claire a Daniel n\u011bkolik velmi obt\u00ed\u017en\u00fdch rozhovor\u016f.<\/p>\n\n\n\n<p class=\"wp-block-paragraph\">Daniel zpo\u010d\u00e1tku d\u00e1l ozna\u010doval incident s dortem za nedorozum\u011bn\u00ed.<\/p>\n\n\n\n<p class=\"wp-block-paragraph\">Claire se v\u0161ak odm\u00edtala h\u00e1dat o tom, zda je rozmaz\u00e1v\u00e1n\u00ed dortu po obli\u010deji objektivn\u011b vtipn\u00e9.<\/p>\n\n\n\n<p class=\"wp-block-paragraph\">O to v\u016fbec ne\u0161lo.<\/p>\n\n\n\n<p class=\"wp-block-paragraph\">Ot\u00e1zkou bylo, zda dok\u00e1\u017ee pochopit, pro\u010d v\u011bdom\u00e9 ignorov\u00e1n\u00ed jej\u00ed jasn\u00e9 prosby po\u0161kodilo d\u016fv\u011bru mezi nimi.<\/p>\n\n\n\n<p class=\"wp-block-paragraph\">Nakonec mu Claire \u0159ekla, \u017ee nemohou jednodu\u0161e pokra\u010dovat, jako by se nic nestalo.<\/p>\n\n\n\n<p class=\"wp-block-paragraph\">Svatba trvala jeden den.<\/p>\n\n\n\n<p class=\"wp-block-paragraph\">Pokud m\u011blo jejich man\u017eelstv\u00ed vydr\u017eet, pot\u0159ebovalo n\u011bco mnohem d\u016fle\u017eit\u011bj\u0161\u00edho ne\u017e kr\u00e1snou oslavu: odpov\u011bdnost, komunikaci a vz\u00e1jemn\u00fd respekt, kter\u00fd existuje i tehdy, kdy\u017e se nikdo ned\u00edv\u00e1.<\/p>\n\n\n\n<h2 class=\"wp-block-heading\">Lekce, kterou na svatb\u011b nikdo ne\u010dekal<\/h2>\n\n\n\n<p class=\"wp-block-paragraph\">Host\u00e9 si mo\u017en\u00e1 budou zni\u010den\u00fd dort pamatovat cel\u00e9 roky.<\/p>\n\n\n\n<p class=\"wp-block-paragraph\">Claire si v\u0161ak zapamatovala n\u011bco jin\u00e9ho.<\/p>\n\n\n\n<p class=\"wp-block-paragraph\">Vzpom\u00ednala na okam\u017eik, kdy st\u00e1la p\u0159ed s\u00e1lem pln\u00fdm lid\u00ed s kr\u00e9mem na tv\u00e1\u0159i a automaticky se p\u0159ipravovala k \u00fasm\u011bvu jen proto, aby se ostatn\u00ed nec\u00edtili nep\u0159\u00edjemn\u011b.<\/p>\n\n\n\n<p class=\"wp-block-paragraph\">A vzpom\u00ednala na sv\u00e9ho bratra, kter\u00fd j\u00ed p\u0159ipomn\u011bl, \u017ee nemus\u00ed p\u0159edst\u00edrat \u0161t\u011bst\u00ed.<\/p>\n\n\n\n<p class=\"wp-block-paragraph\">Nathan ji nezachr\u00e1nil t\u00edm, \u017ee by Daniela napadl.<\/p>\n\n\n\n<p class=\"wp-block-paragraph\">Ud\u011blal n\u011bco mnohem u\u017eite\u010dn\u011bj\u0161\u00edho.<\/p>\n\n\n\n<p class=\"wp-block-paragraph\">Zeptal se j\u00ed, zda je v po\u0159\u00e1dku.<\/p>\n\n\n\n<p class=\"wp-block-paragraph\">A potom j\u00ed p\u0159ipomn\u011bl, \u017ee pon\u00ed\u017een\u00ed se nest\u00e1v\u00e1 p\u0159ijateln\u00fdm jen proto, \u017ee ho n\u011bkdo nazve vtipem.<\/p>\n\n\n\n<p class=\"wp-block-paragraph\">Oslavy n\u011bkdy dok\u00e1\u017eou nep\u0159\u00edjemn\u00e9 pravdy skr\u00fdt, proto\u017ee v\u0161ichni c\u00edt\u00ed tlak udr\u017eet veselou atmosf\u00e9ru. Svatby jsou t\u00edm typick\u00e9. P\u00e1ry mohou m\u00edt pocit, \u017ee mus\u00ed navzdory h\u00e1dk\u00e1m, vy\u010derp\u00e1n\u00ed nebo zklam\u00e1n\u00ed st\u00e1le vypadat \u0161\u0165astn\u011b, proto\u017ee tolik lid\u00ed investovalo do jejich dne \u010das, pen\u00edze a energii.<\/p>\n\n\n\n<p class=\"wp-block-paragraph\">Kr\u00e1sn\u00fd ob\u0159ad v\u0161ak nem\u016f\u017ee nahradit respekt.<\/p>\n\n\n\n<p class=\"wp-block-paragraph\">Nemohou ho nahradit ani fotografie, kv\u011btiny, drah\u00e9 \u0161aty nebo pln\u00fd svatebn\u00ed s\u00e1l.<\/p>\n\n\n\n<p class=\"wp-block-paragraph\">Nejpevn\u011bj\u0161\u00ed vztahy se \u010dasto buduj\u00ed v okam\u017eic\u00edch, kter\u00e9 nikdo nefotografuje: kdy\u017e \u010dlov\u011bk poslouch\u00e1, kdy\u017e partner \u0159ekne ne, kdy\u017e se dok\u00e1\u017ee omluvit bez v\u00fdmluv, kdy\u017e chr\u00e1n\u00ed soukrom\u00e9 slabosti druh\u00e9ho a ch\u00e1pe, \u017ee l\u00e1ska neznamen\u00e1 neomezen\u00e9 pr\u00e1vo p\u0159ekra\u010dovat jeho hranice.<\/p>\n\n\n\n<p class=\"wp-block-paragraph\">Claire vstupovala na svatebn\u00ed hostinu s p\u0159esv\u011bd\u010den\u00edm, \u017ee nejd\u016fle\u017eit\u011bj\u0161\u00ed slib toho dne u\u017e zazn\u011bl p\u0159ed olt\u00e1\u0159em.<\/p>\n\n\n\n<p class=\"wp-block-paragraph\">Na konci ve\u010dera pochopila, \u017ee skute\u010dn\u00e9 sliby se prov\u011b\u0159uj\u00ed a\u017e pozd\u011bji, v ka\u017edodenn\u00edch rozhodnut\u00edch.<\/p>\n\n\n\n<p class=\"wp-block-paragraph\">N\u011bkdy pr\u00e1v\u011b ty nejmen\u0161\u00ed \u010diny odhal\u00ed ty nejv\u011bt\u0161\u00ed pravdy.<\/p>\n\n\n\n<p class=\"wp-block-paragraph\">A n\u011bkdy \u010dlov\u011bk, kter\u00fd v\u00e1s skute\u010dn\u011b miluje, nen\u00ed ten, kdo ud\u011bl\u00e1 nejv\u011bt\u0161\u00ed sc\u00e9nu.<\/p>\n\n\n\n<p class=\"wp-block-paragraph\">Je to ten, kdo se ti\u0161e postav\u00ed vedle v\u00e1s a polo\u017e\u00ed ot\u00e1zku, na kterou v\u0161ichni ostatn\u00ed zapomn\u011bli:<\/p>\n\n\n\n<p class=\"wp-block-paragraph\">\u201eJsi v po\u0159\u00e1dku?\u201c<\/p>\n\n\n\n<p class=\"wp-block-paragraph\"><\/p>\n","protected":false},"excerpt":{"rendered":"Po v\u011bt\u0161inu dne byla Claire p\u0159esv\u011bd\u010den\u00e1, \u017ee jej\u00ed svatbu nem\u016f\u017ee nic pokazit. R\u00e1no za\u010dalo obvykl\u00fdm nerv\u00f3zn\u00edm vzru\u0161en\u00edm: \u0161aty visely na dve\u0159\u00edch, p\u0159\u00edbuzn\u00ed pob\u00edhali \n<a class=\"moretag\" href=\"https:\/\/ikuk.arminfonews.ru\/?p=9680\"> [...]<\/a>","protected":false},"author":1,"featured_media":9681,"comment_status":"open","ping_status":"open","sticky":false,"template":"","format":"standard","meta":{"footnotes":""},"categories":[1],"tags":[],"class_list":["post-9680","post","type-post","status-publish","format-standard","has-post-thumbnail","hentry","category-uncategorised"],"yoast_head":"<!-- This site is optimized with the Yoast SEO plugin v28.4 - https:\/\/yoast.com\/product\/yoast-seo-wordpress\/ -->\n<title>Svatebn\u00ed \u017eert, kter\u00fd zm\u011bnil \u00fapln\u011b v\u0161echno -<\/title>\n<meta name=\"robots\" content=\"index, follow, max-snippet:-1, max-image-preview:large, max-video-preview:-1\" \/>\n<link rel=\"canonical\" href=\"https:\/\/ikuk.arminfonews.ru\/?p=9680\" \/>\n<meta property=\"og:locale\" content=\"ru_RU\" \/>\n<meta property=\"og:type\" content=\"article\" \/>\n<meta property=\"og:title\" content=\"Svatebn\u00ed \u017eert, kter\u00fd zm\u011bnil \u00fapln\u011b v\u0161echno -\" \/>\n<meta property=\"og:description\" content=\"Po v\u011bt\u0161inu dne byla Claire p\u0159esv\u011bd\u010den\u00e1, \u017ee jej\u00ed svatbu nem\u016f\u017ee nic pokazit. R\u00e1no za\u010dalo obvykl\u00fdm nerv\u00f3zn\u00edm vzru\u0161en\u00edm: \u0161aty visely na dve\u0159\u00edch, p\u0159\u00edbuzn\u00ed pob\u00edhali\" \/>\n<meta property=\"og:url\" content=\"https:\/\/ikuk.arminfonews.ru\/?p=9680\" \/>\n<meta property=\"article:published_time\" content=\"2026-09-04T12:59:03+00:00\" \/>\n<meta property=\"article:modified_time\" content=\"2026-09-04T12:59:04+00:00\" \/>\n<meta property=\"og:image\" content=\"https:\/\/ikuk.arminfonews.ru\/wp-content\/uploads\/2026\/09\/548-1024x538.png\" \/>\n\t<meta property=\"og:image:width\" content=\"1024\" \/>\n\t<meta property=\"og:image:height\" content=\"538\" \/>\n\t<meta property=\"og:image:type\" content=\"image\/png\" \/>\n<meta name=\"author\" content=\"admin\" \/>\n<meta name=\"twitter:card\" content=\"summary_large_image\" \/>\n<meta name=\"twitter:label1\" content=\"\u041d\u0430\u043f\u0438\u0441\u0430\u043d\u043e \u0430\u0432\u0442\u043e\u0440\u043e\u043c\" \/>\n\t<meta name=\"twitter:data1\" content=\"admin\" \/>\n\t<meta name=\"twitter:label2\" content=\"\u041f\u0440\u0438\u043c\u0435\u0440\u043d\u043e\u0435 \u0432\u0440\u0435\u043c\u044f \u0434\u043b\u044f \u0447\u0442\u0435\u043d\u0438\u044f\" \/>\n\t<meta name=\"twitter:data2\" content=\"11 \u043c\u0438\u043d\u0443\u0442\" \/>\n<script type=\"application\/ld+json\" class=\"yoast-schema-graph\">{\"@context\":\"https:\\\/\\\/schema.org\",\"@graph\":[{\"@type\":\"Article\",\"@id\":\"https:\\\/\\\/ikuk.arminfonews.ru\\\/?p=9680#article\",\"isPartOf\":{\"@id\":\"https:\\\/\\\/ikuk.arminfonews.ru\\\/?p=9680\"},\"author\":{\"name\":\"admin\",\"@id\":\"https:\\\/\\\/ikuk.arminfonews.ru\\\/#\\\/schema\\\/person\\\/a0f2d659891a86ef18b4c044f2ff8d9a\"},\"headline\":\"Svatebn\u00ed \u017eert, kter\u00fd zm\u011bnil \u00fapln\u011b v\u0161echno\",\"datePublished\":\"2026-09-04T12:59:03+00:00\",\"dateModified\":\"2026-09-04T12:59:04+00:00\",\"mainEntityOfPage\":{\"@id\":\"https:\\\/\\\/ikuk.arminfonews.ru\\\/?p=9680\"},\"wordCount\":2484,\"commentCount\":0,\"image\":{\"@id\":\"https:\\\/\\\/ikuk.arminfonews.ru\\\/?p=9680#primaryimage\"},\"thumbnailUrl\":\"https:\\\/\\\/ikuk.arminfonews.ru\\\/wp-content\\\/uploads\\\/2026\\\/09\\\/548.png\",\"articleSection\":[\"NEWS\"],\"inLanguage\":\"ru-RU\",\"potentialAction\":[{\"@type\":\"CommentAction\",\"name\":\"Comment\",\"target\":[\"https:\\\/\\\/ikuk.arminfonews.ru\\\/?p=9680#respond\"]}]},{\"@type\":\"WebPage\",\"@id\":\"https:\\\/\\\/ikuk.arminfonews.ru\\\/?p=9680\",\"url\":\"https:\\\/\\\/ikuk.arminfonews.ru\\\/?p=9680\",\"name\":\"Svatebn\u00ed \u017eert, kter\u00fd zm\u011bnil \u00fapln\u011b v\u0161echno -\",\"isPartOf\":{\"@id\":\"https:\\\/\\\/ikuk.arminfonews.ru\\\/#website\"},\"primaryImageOfPage\":{\"@id\":\"https:\\\/\\\/ikuk.arminfonews.ru\\\/?p=9680#primaryimage\"},\"image\":{\"@id\":\"https:\\\/\\\/ikuk.arminfonews.ru\\\/?p=9680#primaryimage\"},\"thumbnailUrl\":\"https:\\\/\\\/ikuk.arminfonews.ru\\\/wp-content\\\/uploads\\\/2026\\\/09\\\/548.png\",\"datePublished\":\"2026-09-04T12:59:03+00:00\",\"dateModified\":\"2026-09-04T12:59:04+00:00\",\"author\":{\"@id\":\"https:\\\/\\\/ikuk.arminfonews.ru\\\/#\\\/schema\\\/person\\\/a0f2d659891a86ef18b4c044f2ff8d9a\"},\"breadcrumb\":{\"@id\":\"https:\\\/\\\/ikuk.arminfonews.ru\\\/?p=9680#breadcrumb\"},\"inLanguage\":\"ru-RU\",\"potentialAction\":[{\"@type\":\"ReadAction\",\"target\":[\"https:\\\/\\\/ikuk.arminfonews.ru\\\/?p=9680\"]}]},{\"@type\":\"ImageObject\",\"inLanguage\":\"ru-RU\",\"@id\":\"https:\\\/\\\/ikuk.arminfonews.ru\\\/?p=9680#primaryimage\",\"url\":\"https:\\\/\\\/ikuk.arminfonews.ru\\\/wp-content\\\/uploads\\\/2026\\\/09\\\/548.png\",\"contentUrl\":\"https:\\\/\\\/ikuk.arminfonews.ru\\\/wp-content\\\/uploads\\\/2026\\\/09\\\/548.png\",\"width\":1731,\"height\":909},{\"@type\":\"BreadcrumbList\",\"@id\":\"https:\\\/\\\/ikuk.arminfonews.ru\\\/?p=9680#breadcrumb\",\"itemListElement\":[{\"@type\":\"ListItem\",\"position\":1,\"name\":\"\u0413\u043b\u0430\u0432\u043d\u0430\u044f \u0441\u0442\u0440\u0430\u043d\u0438\u0446\u0430\",\"item\":\"https:\\\/\\\/ikuk.arminfonews.ru\\\/\"},{\"@type\":\"ListItem\",\"position\":2,\"name\":\"Svatebn\u00ed \u017eert, kter\u00fd zm\u011bnil \u00fapln\u011b v\u0161echno\"}]},{\"@type\":\"WebSite\",\"@id\":\"https:\\\/\\\/ikuk.arminfonews.ru\\\/#website\",\"url\":\"https:\\\/\\\/ikuk.arminfonews.ru\\\/\",\"name\":\"\",\"description\":\"\",\"potentialAction\":[{\"@type\":\"SearchAction\",\"target\":{\"@type\":\"EntryPoint\",\"urlTemplate\":\"https:\\\/\\\/ikuk.arminfonews.ru\\\/?s={search_term_string}\"},\"query-input\":{\"@type\":\"PropertyValueSpecification\",\"valueRequired\":true,\"valueName\":\"search_term_string\"}}],\"inLanguage\":\"ru-RU\"},{\"@type\":\"Person\",\"@id\":\"https:\\\/\\\/ikuk.arminfonews.ru\\\/#\\\/schema\\\/person\\\/a0f2d659891a86ef18b4c044f2ff8d9a\",\"name\":\"admin\",\"image\":{\"@type\":\"ImageObject\",\"inLanguage\":\"ru-RU\",\"@id\":\"https:\\\/\\\/secure.gravatar.com\\\/avatar\\\/0ed435f9e4056e0930898ce78c89fa82fe18d3c798c761c71f1f33be878b3b0b?s=96&d=mm&r=g\",\"url\":\"https:\\\/\\\/secure.gravatar.com\\\/avatar\\\/0ed435f9e4056e0930898ce78c89fa82fe18d3c798c761c71f1f33be878b3b0b?s=96&d=mm&r=g\",\"contentUrl\":\"https:\\\/\\\/secure.gravatar.com\\\/avatar\\\/0ed435f9e4056e0930898ce78c89fa82fe18d3c798c761c71f1f33be878b3b0b?s=96&d=mm&r=g\",\"caption\":\"admin\"},\"sameAs\":[\"http:\\\/\\\/ikuk.arminfonews.ru\"],\"url\":\"https:\\\/\\\/ikuk.arminfonews.ru\\\/?author=1\"}]}<\/script>\n<!-- \/ Yoast SEO plugin. -->","yoast_head_json":{"title":"Svatebn\u00ed \u017eert, kter\u00fd zm\u011bnil \u00fapln\u011b v\u0161echno -","robots":{"index":"index","follow":"follow","max-snippet":"max-snippet:-1","max-image-preview":"max-image-preview:large","max-video-preview":"max-video-preview:-1"},"canonical":"https:\/\/ikuk.arminfonews.ru\/?p=9680","og_locale":"ru_RU","og_type":"article","og_title":"Svatebn\u00ed \u017eert, kter\u00fd zm\u011bnil \u00fapln\u011b v\u0161echno -","og_description":"Po v\u011bt\u0161inu dne byla Claire p\u0159esv\u011bd\u010den\u00e1, \u017ee jej\u00ed svatbu nem\u016f\u017ee nic pokazit. R\u00e1no za\u010dalo obvykl\u00fdm nerv\u00f3zn\u00edm vzru\u0161en\u00edm: \u0161aty visely na dve\u0159\u00edch, p\u0159\u00edbuzn\u00ed pob\u00edhali","og_url":"https:\/\/ikuk.arminfonews.ru\/?p=9680","article_published_time":"2026-09-04T12:59:03+00:00","article_modified_time":"2026-09-04T12:59:04+00:00","og_image":[{"width":1024,"height":538,"url":"https:\/\/ikuk.arminfonews.ru\/wp-content\/uploads\/2026\/09\/548-1024x538.png","type":"image\/png"}],"author":"admin","twitter_card":"summary_large_image","twitter_misc":{"\u041d\u0430\u043f\u0438\u0441\u0430\u043d\u043e \u0430\u0432\u0442\u043e\u0440\u043e\u043c":"admin","\u041f\u0440\u0438\u043c\u0435\u0440\u043d\u043e\u0435 \u0432\u0440\u0435\u043c\u044f \u0434\u043b\u044f \u0447\u0442\u0435\u043d\u0438\u044f":"11 \u043c\u0438\u043d\u0443\u0442"},"schema":{"@context":"https:\/\/schema.org","@graph":[{"@type":"Article","@id":"https:\/\/ikuk.arminfonews.ru\/?p=9680#article","isPartOf":{"@id":"https:\/\/ikuk.arminfonews.ru\/?p=9680"},"author":{"name":"admin","@id":"https:\/\/ikuk.arminfonews.ru\/#\/schema\/person\/a0f2d659891a86ef18b4c044f2ff8d9a"},"headline":"Svatebn\u00ed \u017eert, kter\u00fd zm\u011bnil \u00fapln\u011b v\u0161echno","datePublished":"2026-09-04T12:59:03+00:00","dateModified":"2026-09-04T12:59:04+00:00","mainEntityOfPage":{"@id":"https:\/\/ikuk.arminfonews.ru\/?p=9680"},"wordCount":2484,"commentCount":0,"image":{"@id":"https:\/\/ikuk.arminfonews.ru\/?p=9680#primaryimage"},"thumbnailUrl":"https:\/\/ikuk.arminfonews.ru\/wp-content\/uploads\/2026\/09\/548.png","articleSection":["NEWS"],"inLanguage":"ru-RU","potentialAction":[{"@type":"CommentAction","name":"Comment","target":["https:\/\/ikuk.arminfonews.ru\/?p=9680#respond"]}]},{"@type":"WebPage","@id":"https:\/\/ikuk.arminfonews.ru\/?p=9680","url":"https:\/\/ikuk.arminfonews.ru\/?p=9680","name":"Svatebn\u00ed \u017eert, kter\u00fd zm\u011bnil \u00fapln\u011b v\u0161echno -","isPartOf":{"@id":"https:\/\/ikuk.arminfonews.ru\/#website"},"primaryImageOfPage":{"@id":"https:\/\/ikuk.arminfonews.ru\/?p=9680#primaryimage"},"image":{"@id":"https:\/\/ikuk.arminfonews.ru\/?p=9680#primaryimage"},"thumbnailUrl":"https:\/\/ikuk.arminfonews.ru\/wp-content\/uploads\/2026\/09\/548.png","datePublished":"2026-09-04T12:59:03+00:00","dateModified":"2026-09-04T12:59:04+00:00","author":{"@id":"https:\/\/ikuk.arminfonews.ru\/#\/schema\/person\/a0f2d659891a86ef18b4c044f2ff8d9a"},"breadcrumb":{"@id":"https:\/\/ikuk.arminfonews.ru\/?p=9680#breadcrumb"},"inLanguage":"ru-RU","potentialAction":[{"@type":"ReadAction","target":["https:\/\/ikuk.arminfonews.ru\/?p=9680"]}]},{"@type":"ImageObject","inLanguage":"ru-RU","@id":"https:\/\/ikuk.arminfonews.ru\/?p=9680#primaryimage","url":"https:\/\/ikuk.arminfonews.ru\/wp-content\/uploads\/2026\/09\/548.png","contentUrl":"https:\/\/ikuk.arminfonews.ru\/wp-content\/uploads\/2026\/09\/548.png","width":1731,"height":909},{"@type":"BreadcrumbList","@id":"https:\/\/ikuk.arminfonews.ru\/?p=9680#breadcrumb","itemListElement":[{"@type":"ListItem","position":1,"name":"\u0413\u043b\u0430\u0432\u043d\u0430\u044f \u0441\u0442\u0440\u0430\u043d\u0438\u0446\u0430","item":"https:\/\/ikuk.arminfonews.ru\/"},{"@type":"ListItem","position":2,"name":"Svatebn\u00ed \u017eert, kter\u00fd zm\u011bnil \u00fapln\u011b v\u0161echno"}]},{"@type":"WebSite","@id":"https:\/\/ikuk.arminfonews.ru\/#website","url":"https:\/\/ikuk.arminfonews.ru\/","name":"","description":"","potentialAction":[{"@type":"SearchAction","target":{"@type":"EntryPoint","urlTemplate":"https:\/\/ikuk.arminfonews.ru\/?s={search_term_string}"},"query-input":{"@type":"PropertyValueSpecification","valueRequired":true,"valueName":"search_term_string"}}],"inLanguage":"ru-RU"},{"@type":"Person","@id":"https:\/\/ikuk.arminfonews.ru\/#\/schema\/person\/a0f2d659891a86ef18b4c044f2ff8d9a","name":"admin","image":{"@type":"ImageObject","inLanguage":"ru-RU","@id":"https:\/\/secure.gravatar.com\/avatar\/0ed435f9e4056e0930898ce78c89fa82fe18d3c798c761c71f1f33be878b3b0b?s=96&d=mm&r=g","url":"https:\/\/secure.gravatar.com\/avatar\/0ed435f9e4056e0930898ce78c89fa82fe18d3c798c761c71f1f33be878b3b0b?s=96&d=mm&r=g","contentUrl":"https:\/\/secure.gravatar.com\/avatar\/0ed435f9e4056e0930898ce78c89fa82fe18d3c798c761c71f1f33be878b3b0b?s=96&d=mm&r=g","caption":"admin"},"sameAs":["http:\/\/ikuk.arminfonews.ru"],"url":"https:\/\/ikuk.arminfonews.ru\/?author=1"}]}},"_links":{"self":[{"href":"https:\/\/ikuk.arminfonews.ru\/index.php?rest_route=\/wp\/v2\/posts\/9680","targetHints":{"allow":["GET"]}}],"collection":[{"href":"https:\/\/ikuk.arminfonews.ru\/index.php?rest_route=\/wp\/v2\/posts"}],"about":[{"href":"https:\/\/ikuk.arminfonews.ru\/index.php?rest_route=\/wp\/v2\/types\/post"}],"author":[{"embeddable":true,"href":"https:\/\/ikuk.arminfonews.ru\/index.php?rest_route=\/wp\/v2\/users\/1"}],"replies":[{"embeddable":true,"href":"https:\/\/ikuk.arminfonews.ru\/index.php?rest_route=%2Fwp%2Fv2%2Fcomments&post=9680"}],"version-history":[{"count":1,"href":"https:\/\/ikuk.arminfonews.ru\/index.php?rest_route=\/wp\/v2\/posts\/9680\/revisions"}],"predecessor-version":[{"id":9682,"href":"https:\/\/ikuk.arminfonews.ru\/index.php?rest_route=\/wp\/v2\/posts\/9680\/revisions\/9682"}],"wp:featuredmedia":[{"embeddable":true,"href":"https:\/\/ikuk.arminfonews.ru\/index.php?rest_route=\/wp\/v2\/media\/9681"}],"wp:attachment":[{"href":"https:\/\/ikuk.arminfonews.ru\/index.php?rest_route=%2Fwp%2Fv2%2Fmedia&parent=9680"}],"wp:term":[{"taxonomy":"category","embeddable":true,"href":"https:\/\/ikuk.arminfonews.ru\/index.php?rest_route=%2Fwp%2Fv2%2Fcategories&post=9680"},{"taxonomy":"post_tag","embeddable":true,"href":"https:\/\/ikuk.arminfonews.ru\/index.php?rest_route=%2Fwp%2Fv2%2Ftags&post=9680"}],"curies":[{"name":"wp","href":"https:\/\/api.w.org\/{rel}","templated":true}]}}