{"id":9677,"date":"2026-09-04T09:16:48","date_gmt":"2026-09-04T08:16:48","guid":{"rendered":"https:\/\/ikuk.arminfonews.ru\/?p=9677"},"modified":"2026-09-04T09:16:50","modified_gmt":"2026-09-04T08:16:50","slug":"den-kdy-babicka-odmitla-byt-samozrejmosti","status":"publish","type":"post","link":"https:\/\/ikuk.arminfonews.ru\/?p=9677","title":{"rendered":"Den, kdy babi\u010dka odm\u00edtla b\u00fdt samoz\u0159ejmost\u00ed"},"content":{"rendered":"\n<p class=\"wp-block-paragraph\">Kdy\u017e mi dcera ozn\u00e1mila, \u017ee \u010dek\u00e1 sv\u00e9 prvn\u00ed d\u00edt\u011b, p\u0159edstavovala jsem si oby\u010dejn\u00e9 radosti, kter\u00e9 p\u0159in\u00e1\u0161\u00ed role babi\u010dky: chovat sp\u00edc\u00ed miminko, chodit s n\u00edm na proch\u00e1zky, kupovat mu mal\u00e9 d\u00e1rky a sledovat, jak roste.<\/p>\n\n\n\n<p class=\"wp-block-paragraph\">Ani ve snu m\u011b nenapadlo, \u017ee se b\u011bhem n\u011bkolika m\u011bs\u00edc\u016f po jeho narozen\u00ed p\u00e9\u010de o vnuka zm\u011bn\u00ed t\u00e9m\u011b\u0159 v pr\u00e1ci na pln\u00fd \u00favazek.<\/p>\n\n\n\n<figure class=\"wp-block-image size-large\"><img loading=\"lazy\" decoding=\"async\" width=\"1024\" height=\"538\" src=\"https:\/\/ikuk.arminfonews.ru\/wp-content\/uploads\/2026\/09\/253-1024x538.png\" alt=\"\" class=\"wp-image-9678\" srcset=\"https:\/\/ikuk.arminfonews.ru\/wp-content\/uploads\/2026\/09\/253-1024x538.png 1024w, https:\/\/ikuk.arminfonews.ru\/wp-content\/uploads\/2026\/09\/253-300x158.png 300w, https:\/\/ikuk.arminfonews.ru\/wp-content\/uploads\/2026\/09\/253-767x403.png 767w, https:\/\/ikuk.arminfonews.ru\/wp-content\/uploads\/2026\/09\/253-1536x807.png 1536w, https:\/\/ikuk.arminfonews.ru\/wp-content\/uploads\/2026\/09\/253.png 1731w\" sizes=\"auto, (max-width: 1024px) 100vw, 1024px\" \/><\/figure>\n\n\n\n<p class=\"wp-block-paragraph\">Moje dcera Emily str\u00e1vila roky budov\u00e1n\u00edm kari\u00e9ry. M\u011bla n\u00e1ro\u010dn\u00e9 zam\u011bstn\u00e1n\u00ed pln\u00e9 term\u00edn\u016f a povinnost\u00ed, kter\u00e9 nezmizely jen proto, \u017ee se stala matkou. Po porodu sice n\u011bjak\u00fd \u010das z\u016fstala doma, ale brzy se od n\u00ed o\u010dek\u00e1val n\u00e1vrat do pr\u00e1ce.<\/p>\n\n\n\n<p class=\"wp-block-paragraph\">A pr\u00e1v\u011b tehdy se p\u00e9\u010de o d\u00edt\u011b stala nejv\u011bt\u0161\u00edm probl\u00e9mem.<\/p>\n\n\n\n<p class=\"wp-block-paragraph\">Profesion\u00e1ln\u00ed ch\u016fva byla drah\u00e1 a naj\u00edt n\u011bkoho, komu by Emily naprosto d\u016fv\u011b\u0159ovala, nebylo snadn\u00e9. Jesle byly dal\u0161\u00ed mo\u017enost\u00ed, ale dcera m\u011bla pocit, \u017ee je jej\u00ed syn je\u0161t\u011b p\u0159\u00edli\u0161 mal\u00fd.<\/p>\n\n\n\n<p class=\"wp-block-paragraph\">A tak jsem nab\u00eddla pomoc.<\/p>\n\n\n\n<p class=\"wp-block-paragraph\">V tu chv\u00edli mi to p\u0159ipadalo jako naprosto p\u0159irozen\u00e9 rozhodnut\u00ed.<\/p>\n\n\n\n<p class=\"wp-block-paragraph\">\u201eJe to m\u016fj vnuk,\u201c \u0159ekla jsem j\u00ed. \u201eNemus\u00ed\u0161 si d\u011blat starosti. Pom\u016f\u017eu ti.\u201c<\/p>\n\n\n\n<p class=\"wp-block-paragraph\">O pen\u011bz\u00edch jsme nemluvily. Nestanovily jsme \u017e\u00e1dnou pracovn\u00ed dobu ani p\u0159esn\u011b nerozd\u011blily povinnosti. Byla jsem p\u0159ece jeho babi\u010dka, ne zam\u011bstnankyn\u011b.<\/p>\n\n\n\n<p class=\"wp-block-paragraph\">Pr\u00e1v\u011b chyb\u011bj\u00edc\u00ed hranice se v\u0161ak pozd\u011bji staly zdrojem bolestiv\u00e9ho nedorozum\u011bn\u00ed.<\/p>\n\n\n\n<h2 class=\"wp-block-heading\">Z laskavosti se stala ka\u017edodenn\u00ed povinnost<\/h2>\n\n\n\n<p class=\"wp-block-paragraph\">Moje dny brzy z\u00edskaly pevn\u00fd re\u017eim.<\/p>\n\n\n\n<p class=\"wp-block-paragraph\">Ka\u017ed\u00fd pracovn\u00ed den jsem p\u0159ich\u00e1zela k Emily kr\u00e1tce p\u0159ed osmou hodinou r\u00e1no. Ona se v\u011bt\u0161inou p\u0159ipravovala do pr\u00e1ce a j\u00e1 p\u0159eb\u00edrala p\u00e9\u010di o d\u00edt\u011b.<\/p>\n\n\n\n<p class=\"wp-block-paragraph\">Zpo\u010d\u00e1tku jsem si \u0159\u00edkala, \u017ee ho budu prost\u011b hl\u00eddat.<\/p>\n\n\n\n<p class=\"wp-block-paragraph\">Jen\u017ee ka\u017ed\u00fd, kdo n\u011bkdy pe\u010doval o mal\u00e9 d\u00edt\u011b, v\u00ed, kolik pr\u00e1ce se kolem n\u011bj objev\u00ed.<\/p>\n\n\n\n<p class=\"wp-block-paragraph\">Bylo t\u0159eba p\u0159ipravovat lahvi\u010dky, p\u0159evl\u00e9kat ho, m\u011bnit plenky a hl\u00eddat \u010das sp\u00e1nku. Kdy\u017e plakal, nosila jsem ho po byt\u011b, dokud se neuklidnil. Za p\u011bkn\u00e9ho po\u010das\u00ed jsem ho posadila do ko\u010d\u00e1rku a vyrazili jsme ven.<\/p>\n\n\n\n<p class=\"wp-block-paragraph\">Postupn\u011b se p\u0159id\u00e1valy dal\u0161\u00ed povinnosti.<\/p>\n\n\n\n<p class=\"wp-block-paragraph\">Kdy\u017e m\u011bl \u0161pinav\u00e9 oble\u010den\u00ed, vyprala jsem ho. Kdy\u017e pr\u00e1dlo uschlo, slo\u017eila jsem ho. N\u011bkdy jsem b\u011bhem jeho sp\u00e1nku n\u011bco vy\u017eehlila. Um\u00fdvala jsem lahvi\u010dky, ut\u00edrala kuchy\u0148skou linku a ukl\u00edzela hra\u010dky.<\/p>\n\n\n\n<p class=\"wp-block-paragraph\">O v\u011bt\u0161inu t\u011bch v\u011bc\u00ed m\u011b nikdo p\u0159\u00edmo ne\u017e\u00e1dal.<\/p>\n\n\n\n<p class=\"wp-block-paragraph\">Prost\u011b jsem vid\u011bla, \u017ee je n\u011bco pot\u0159eba ud\u011blat, a ud\u011blala jsem to.<\/p>\n\n\n\n<p class=\"wp-block-paragraph\">Emily se obvykle vracela kolem \u0161est\u00e9 ve\u010der. \u0158ekla jsem j\u00ed, kdy mal\u00fd jedl, jak dlouho spal a jestli se b\u011bhem dne stalo n\u011bco neobvykl\u00e9ho. Potom jsem si vzala sv\u00e9 v\u011bci a odch\u00e1zela dom\u016f.<\/p>\n\n\n\n<p class=\"wp-block-paragraph\">Deset hodin denn\u011b.<\/p>\n\n\n\n<p class=\"wp-block-paragraph\">P\u011bt dn\u00ed v t\u00fddnu.<\/p>\n\n\n\n<p class=\"wp-block-paragraph\">Nikdy jsem nepo\u010d\u00edtala, kolik by takov\u00e1 p\u00e9\u010de st\u00e1la, kdyby si dcera musela najmout profesion\u00e1ln\u00ed ch\u016fvu. Ani jsem to po\u010d\u00edtat necht\u011bla. Rodina p\u0159ece nen\u00ed firma a j\u00e1 v\u011b\u0159ila, \u017ee sv\u00e9 dce\u0159i jednodu\u0161e pom\u00e1h\u00e1m p\u0159ekonat n\u00e1ro\u010dn\u00e9 obdob\u00ed.<\/p>\n\n\n\n<p class=\"wp-block-paragraph\">Nav\u00edc jsem sv\u00e9ho vnuka milovala.<\/p>\n\n\n\n<p class=\"wp-block-paragraph\">Jeho rann\u00ed \u00fasm\u011bv mi dlouho p\u0159ipadal jako dostate\u010dn\u00e1 odm\u011bna za v\u0161echnu \u00fanavu.<\/p>\n\n\n\n<p class=\"wp-block-paragraph\">Jen\u017ee po n\u011bkolika m\u011bs\u00edc\u00edch jsem za\u010dala c\u00edtit, \u017ee mi doch\u00e1zej\u00ed s\u00edly.<\/p>\n\n\n\n<p class=\"wp-block-paragraph\">U\u017e jsem nebyla ve v\u011bku, kdy bych mohla deset hodin denn\u011b b\u011bhat kolem d\u00edt\u011bte, pr\u00e1dla a dom\u00e1cnosti, ani\u017e by m\u011b ve\u010der bolela z\u00e1da a nohy.<\/p>\n\n\n\n<p class=\"wp-block-paragraph\">P\u0159esto jsem pokra\u010dovala.<\/p>\n\n\n\n<p class=\"wp-block-paragraph\">M\u011bla jsem toti\u017e pocit, \u017ee m\u011b pot\u0159ebuj\u00ed.<\/p>\n\n\n\n<h2 class=\"wp-block-heading\">Odpoledne, kter\u00e9 v\u0161echno zm\u011bnilo<\/h2>\n\n\n\n<p class=\"wp-block-paragraph\">Cel\u00fd konflikt za\u010dal kv\u016fli n\u011b\u010demu t\u00e9m\u011b\u0159 sm\u011b\u0161n\u00e9mu.<\/p>\n\n\n\n<p class=\"wp-block-paragraph\">Jednoho odpoledne jsme se s vnukem vr\u00e1tili z dlouh\u00e9 proch\u00e1zky. Byl neklidn\u00fd a uspat ho trvalo mnohem d\u00e9le ne\u017e obvykle.<\/p>\n\n\n\n<p class=\"wp-block-paragraph\">Toho r\u00e1na jsem ode\u0161la z domu ve sp\u011bchu a skoro jsem nesn\u00eddala. Odpoledne jsem u\u017e m\u011bla po\u0159\u00e1dn\u00fd hlad.<\/p>\n\n\n\n<p class=\"wp-block-paragraph\">Kdy\u017e d\u00edt\u011b kone\u010dn\u011b usnulo, \u0161la jsem do kuchyn\u011b.<\/p>\n\n\n\n<p class=\"wp-block-paragraph\">Otev\u0159ela jsem ledni\u010dku.<\/p>\n\n\n\n<p class=\"wp-block-paragraph\">Uvnit\u0159 byl s\u00fdr a n\u011bjak\u00e9 ovoce. Ukrojila jsem si mal\u00fd kousek s\u00fdra a vzala jedno jablko.<\/p>\n\n\n\n<p class=\"wp-block-paragraph\">Ani na okam\u017eik m\u011b nenapadlo, \u017ee by to mohl b\u00fdt probl\u00e9m.<\/p>\n\n\n\n<p class=\"wp-block-paragraph\">V tom byt\u011b jsem u\u017e cel\u00e9 m\u011bs\u00edce tr\u00e1vila v\u011bt\u0161inu dne. V t\u00e9 kuchyni jsem p\u0159ipravovala lahvi\u010dky, myla n\u00e1dob\u00ed a nes\u010detn\u011bkr\u00e1t ukl\u00edzela.<\/p>\n\n\n\n<p class=\"wp-block-paragraph\">Jedno jablko mi p\u0159ipadalo jako naprost\u00e1 mali\u010dkost.<\/p>\n\n\n\n<p class=\"wp-block-paragraph\">Jen\u017ee toho dne se Emily ne\u010dekan\u011b vr\u00e1tila z pr\u00e1ce d\u0159\u00edve.<\/p>\n\n\n\n<p class=\"wp-block-paragraph\">Ve\u0161la do kuchyn\u011b pr\u00e1v\u011b ve chv\u00edli, kdy jsem doj\u00eddala s\u00fdr.<\/p>\n\n\n\n<p class=\"wp-block-paragraph\">Pod\u00edvala se na m\u011b.<\/p>\n\n\n\n<p class=\"wp-block-paragraph\">\u201eMami, vzala sis to z lednice?\u201c<\/p>\n\n\n\n<p class=\"wp-block-paragraph\">Nejd\u0159\u00edv jsem si myslela, \u017ee \u017eertuje.<\/p>\n\n\n\n<p class=\"wp-block-paragraph\">\u201eAno. M\u011bla jsem hlad.\u201c<\/p>\n\n\n\n<p class=\"wp-block-paragraph\">Jen\u017ee ona z\u016fstala v\u00e1\u017en\u00e1.<\/p>\n\n\n\n<p class=\"wp-block-paragraph\">\u0158ekla mi, \u017ee bych se m\u011bla nejd\u0159\u00edv zeptat, ne\u017e si vezmu j\u00eddlo, proto\u017ee n\u00e1kupy pl\u00e1nuje podle sv\u00e9ho rozpo\u010dtu.<\/p>\n\n\n\n<p class=\"wp-block-paragraph\">N\u011bkolik vte\u0159in jsem na ni jen nev\u011b\u0159\u00edcn\u011b hled\u011bla.<\/p>\n\n\n\n<p class=\"wp-block-paragraph\">Zeptala jsem se j\u00ed, jestli j\u00ed opravdu vad\u00ed, \u017ee jsem si po cel\u00e9m dni str\u00e1ven\u00e9m p\u00e9\u010d\u00ed o jej\u00edho syna vzala trochu s\u00fdra a jedno jablko.<\/p>\n\n\n\n<p class=\"wp-block-paragraph\">Emily se sna\u017eila vysv\u011btlit, \u017ee nejde o cenu j\u00eddla. Podle n\u00ed \u0161lo o hranice a o to, \u017ee chce v\u011bd\u011bt, jak\u00e9 potraviny m\u00e1 doma, aby mohla pl\u00e1novat j\u00eddla.<\/p>\n\n\n\n<p class=\"wp-block-paragraph\">Mo\u017en\u00e1 to skute\u010dn\u011b tak myslela.<\/p>\n\n\n\n<p class=\"wp-block-paragraph\">J\u00e1 jsem v\u0161ak sly\u0161ela n\u011bco \u00fapln\u011b jin\u00e9ho.<\/p>\n\n\n\n<p class=\"wp-block-paragraph\">Po m\u011bs\u00edc\u00edch, kdy jsem j\u00ed zdarma d\u00e1vala sv\u016fj \u010das, jsem se najednou c\u00edtila jako n\u00e1v\u0161t\u011bva, kter\u00e1 mus\u00ed po\u017e\u00e1dat o svolen\u00ed, ne\u017e otev\u0159e ledni\u010dku.<\/p>\n\n\n\n<h2 class=\"wp-block-heading\">Neviditeln\u00e1 hodnota rodinn\u00e9 pomoci<\/h2>\n\n\n\n<p class=\"wp-block-paragraph\">Nek\u0159i\u010dela jsem.<\/p>\n\n\n\n<p class=\"wp-block-paragraph\">M\u00edsto toho jsem Emily polo\u017eila jednoduchou ot\u00e1zku.<\/p>\n\n\n\n<p class=\"wp-block-paragraph\">\u201eKdy\u017e pot\u0159ebujeme jasn\u00e9 hranice, nem\u011bly bychom je tedy stanovit ve v\u0161em?\u201c<\/p>\n\n\n\n<p class=\"wp-block-paragraph\">Nech\u00e1pav\u011b se na m\u011b pod\u00edvala.<\/p>\n\n\n\n<p class=\"wp-block-paragraph\">P\u0159ipomn\u011bla jsem j\u00ed, \u017ee ka\u017ed\u00e9 r\u00e1no p\u0159ich\u00e1z\u00edm kolem osm\u00e9 a odch\u00e1z\u00edm p\u0159ibli\u017en\u011b v \u0161est ve\u010der. Krm\u00edm jej\u00edho syna, p\u0159ebaluji ho, uklid\u0148uji, chod\u00edm s n\u00edm ven, peru jeho oble\u010den\u00ed a \u010dasto pom\u00e1h\u00e1m i s dom\u00e1cnost\u00ed.<\/p>\n\n\n\n<p class=\"wp-block-paragraph\">Nikdy jsem po n\u00ed necht\u011bla ani korunu.<\/p>\n\n\n\n<p class=\"wp-block-paragraph\">Ne\u017e\u00e1dala jsem ani pen\u00edze na dopravu nebo j\u00eddlo.<\/p>\n\n\n\n<p class=\"wp-block-paragraph\">\u201eJestli se mus\u00edm pt\u00e1t, zda si sm\u00edm vz\u00edt jablko,\u201c \u0159ekla jsem, \u201emo\u017en\u00e1 bychom si m\u011bly p\u0159estat namlouvat, \u017ee moje pomoc nem\u00e1 \u017e\u00e1dnou hodnotu.\u201c<\/p>\n\n\n\n<p class=\"wp-block-paragraph\">V tu chv\u00edli se rozhovor stal velmi nep\u0159\u00edjemn\u00fdm.<\/p>\n\n\n\n<p class=\"wp-block-paragraph\">Emily tvrdila, \u017ee si m\u00e9 pomoci v\u00e1\u017e\u00ed. \u0158\u00edkala, \u017ee jsem jej\u00ed pozn\u00e1mku \u0161patn\u011b pochopila a \u017ee z mal\u00e9 v\u011bci d\u011bl\u00e1m obrovsk\u00fd probl\u00e9m.<\/p>\n\n\n\n<p class=\"wp-block-paragraph\">Jen\u017ee pr\u00e1v\u011b v tom byl h\u00e1\u010dek.<\/p>\n\n\n\n<p class=\"wp-block-paragraph\">Pozn\u00e1mka byla mal\u00e1.<\/p>\n\n\n\n<p class=\"wp-block-paragraph\">Situace, kter\u00e1 se za n\u00ed skr\u00fdvala, nikoli.<\/p>\n\n\n\n<p class=\"wp-block-paragraph\">Mnoho rodin je siln\u011b z\u00e1visl\u00fdch na neplacen\u00e9 pomoci prarodi\u010d\u016f. Proto\u017ee p\u00e9\u010di poskytuje n\u011bkdo, kdo d\u00edt\u011b miluje, jej\u00ed skute\u010dn\u00e1 hodnota se m\u016f\u017ee velmi snadno st\u00e1t neviditelnou.<\/p>\n\n\n\n<p class=\"wp-block-paragraph\">Babi\u010dka m\u016f\u017ee jednou \u0159\u00edct: \u201eSamoz\u0159ejm\u011b, pom\u016f\u017eu,\u201c a za n\u011bkolik m\u011bs\u00edc\u016f zjistit, \u017ee m\u00e1 prakticky pracovn\u00ed dobu na pln\u00fd \u00favazek.<\/p>\n\n\n\n<p class=\"wp-block-paragraph\">D\u011bde\u010dek m\u016f\u017ee za\u010d\u00edt t\u00edm, \u017ee dvakr\u00e1t t\u00fddn\u011b vyzvedne d\u00edt\u011b ze \u0161koly, a nakonec se z toho stane jeho ka\u017edodenn\u00ed povinnost.<\/p>\n\n\n\n<p class=\"wp-block-paragraph\">Nemus\u00ed p\u0159itom j\u00edt o \u00famysln\u00e9 vyu\u017e\u00edv\u00e1n\u00ed.<\/p>\n\n\n\n<p class=\"wp-block-paragraph\">Probl\u00e9m vznik\u00e1 postupn\u011b.<\/p>\n\n\n\n<p class=\"wp-block-paragraph\">Kdy\u017e n\u011bkdo poskytuje pomoc ka\u017ed\u00fd den, okol\u00ed ji \u010dasem p\u0159estane vn\u00edmat jako laskavost a za\u010dne ji pova\u017eovat za samoz\u0159ejmou sou\u010d\u00e1st \u017eivota.<\/p>\n\n\n\n<p class=\"wp-block-paragraph\">P\u0159esn\u011b to se stalo n\u00e1m.<\/p>\n\n\n\n<h2 class=\"wp-block-heading\">Kdy\u017e se pomoc zm\u011bn\u00ed v o\u010dek\u00e1v\u00e1n\u00ed<\/h2>\n\n\n\n<p class=\"wp-block-paragraph\">Toho odpoledne jsem ode\u0161la dom\u016f d\u0159\u00edve.<\/p>\n\n\n\n<p class=\"wp-block-paragraph\">Poprv\u00e9 po mnoha m\u011bs\u00edc\u00edch si Emily musela zbytek dne za\u0159\u00eddit sama.<\/p>\n\n\n\n<p class=\"wp-block-paragraph\">Ve\u010der mi zavolala.<\/p>\n\n\n\n<p class=\"wp-block-paragraph\">Ob\u011b jsme u\u017e byly klidn\u011bj\u0161\u00ed.<\/p>\n\n\n\n<p class=\"wp-block-paragraph\">Omluvila se za zp\u016fsob, jak\u00fdm se mnou mluvila. J\u00e1 jsem zase p\u0159iznala, \u017ee jsem ud\u011blala chybu, kdy\u017e jsem dlouh\u00e9 m\u011bs\u00edce ml\u010dela o tom, jak jsem unaven\u00e1.<\/p>\n\n\n\n<p class=\"wp-block-paragraph\">Proto\u017ee i to byla pravda.<\/p>\n\n\n\n<p class=\"wp-block-paragraph\">Emily si na mou pomoc zvykla, ale j\u00e1 sama jsem k tomu p\u0159isp\u011bla.<\/p>\n\n\n\n<p class=\"wp-block-paragraph\">Kdykoli jsem byla vy\u010derpan\u00e1, nic jsem ne\u0159ekla.<\/p>\n\n\n\n<p class=\"wp-block-paragraph\">Kdy\u017e p\u0159ibyla dal\u0161\u00ed dom\u00e1c\u00ed pr\u00e1ce, jednodu\u0161e jsem ji ud\u011blala.<\/p>\n\n\n\n<p class=\"wp-block-paragraph\">A poka\u017ed\u00e9, kdy\u017e se Emily zeptala, zda je v\u0161echno v po\u0159\u00e1dku, odpov\u011bd\u011bla jsem, \u017ee ano.<\/p>\n\n\n\n<p class=\"wp-block-paragraph\">\u010cekala jsem, \u017ee sama pozn\u00e1, kde jsou moje hranice, p\u0159esto\u017ee jsem j\u00ed je nikdy nevysv\u011btlila.<\/p>\n\n\n\n<p class=\"wp-block-paragraph\">To nebylo f\u00e9r ani realistick\u00e9.<\/p>\n\n\n\n<p class=\"wp-block-paragraph\">H\u00e1dka kv\u016fli ledni\u010dce n\u00e1\u0161 probl\u00e9m nevytvo\u0159ila.<\/p>\n\n\n\n<p class=\"wp-block-paragraph\">Pouze ho odhalila.<\/p>\n\n\n\n<h2 class=\"wp-block-heading\">Nov\u00e1 pravidla pro celou rodinu<\/h2>\n\n\n\n<p class=\"wp-block-paragraph\">Nakonec jsme se dohodly, \u017ee budu s vnukem d\u00e1l pom\u00e1hat, ale u\u017e ne deset hodin ka\u017ed\u00fd pracovn\u00ed den.<\/p>\n\n\n\n<p class=\"wp-block-paragraph\">Emily za\u010dala hledat dal\u0161\u00ed mo\u017enosti p\u00e9\u010de, aby ve\u0161ker\u00e1 odpov\u011bdnost nele\u017eela jen na mn\u011b. Tak\u00e9 jsme si ujasnily, \u017ee kdy\u017e hl\u00edd\u00e1m d\u00edt\u011b, mou hlavn\u00ed povinnost\u00ed je vnuk, nikoli \u00fadr\u017eba cel\u00e9 dom\u00e1cnosti.<\/p>\n\n\n\n<p class=\"wp-block-paragraph\">A ano, probraly jsme i j\u00eddlo.<\/p>\n\n\n\n<p class=\"wp-block-paragraph\">Emily mi \u0159ekla, \u017ee kdy\u017e se star\u00e1m o jej\u00edho syna, mohu si samoz\u0159ejm\u011b vz\u00edt n\u011bco rozumn\u00e9ho k j\u00eddlu.<\/p>\n\n\n\n<p class=\"wp-block-paragraph\">Pozd\u011bji jsme se dokonce sm\u00e1ly tomu, \u017ee dv\u011b dosp\u011bl\u00e9 \u017eeny pot\u0159ebovaly h\u00e1dku, aby si vyjasnily n\u011bco tak samoz\u0159ejm\u00e9ho.<\/p>\n\n\n\n<p class=\"wp-block-paragraph\">Mnohem d\u016fle\u017eit\u011bj\u0161\u00ed v\u0161ak bylo jin\u00e9 ponau\u010den\u00ed.<\/p>\n\n\n\n<p class=\"wp-block-paragraph\">Rodinn\u00e1 pomoc si zaslou\u017e\u00ed stejn\u00fd respekt jako jak\u00e1koli jin\u00e1 pr\u00e1ce.<\/p>\n\n\n\n<p class=\"wp-block-paragraph\">To samoz\u0159ejm\u011b neznamen\u00e1, \u017ee by prarodi\u010de m\u011bli dost\u00e1vat zaplaceno za ka\u017edou hodinu str\u00e1venou s vnou\u010daty. Ka\u017ed\u00e1 rodina m\u00e1 jin\u00e9 mo\u017enosti, zvyky a p\u0159edstavy.<\/p>\n\n\n\n<p class=\"wp-block-paragraph\">Znamen\u00e1 to v\u0161ak, \u017ee bychom m\u011bli vn\u00edmat, co pro n\u00e1s druz\u00ed d\u011blaj\u00ed.<\/p>\n\n\n\n<p class=\"wp-block-paragraph\">N\u011bkdy m\u016f\u017ee b\u00fdt pod\u011bkov\u00e1n\u00edm finan\u010dn\u00ed pomoc. Jindy zaplacen\u00ed dopravy, n\u00e1kup potravin nebo pravideln\u00fd den volna.<\/p>\n\n\n\n<p class=\"wp-block-paragraph\">A n\u011bkdy sta\u010d\u00ed jednoduch\u00e1 v\u011bta:<\/p>\n\n\n\n<p class=\"wp-block-paragraph\">\u201eV\u00edm, kolik toho pro n\u00e1s d\u011bl\u00e1\u0161.\u201c<\/p>\n\n\n\n<p class=\"wp-block-paragraph\">Je\u0161t\u011b d\u016fle\u017eit\u011bj\u0161\u00ed je mluvit o o\u010dek\u00e1v\u00e1n\u00edch d\u0159\u00edve, ne\u017e vznikne pocit k\u0159ivdy.<\/p>\n\n\n\n<p class=\"wp-block-paragraph\">Kolik dn\u00ed t\u00fddn\u011b bude prarodi\u010d d\u00edt\u011b hl\u00eddat?<\/p>\n\n\n\n<p class=\"wp-block-paragraph\">Jak dlouho?<\/p>\n\n\n\n<p class=\"wp-block-paragraph\">M\u00e1 se starat pouze o d\u00edt\u011b, nebo tak\u00e9 o dom\u00e1cnost?<\/p>\n\n\n\n<p class=\"wp-block-paragraph\">Co se stane, kdy\u017e bude pot\u0159ebovat volno?<\/p>\n\n\n\n<p class=\"wp-block-paragraph\">Takov\u00e9 ot\u00e1zky mohou mezi p\u0159\u00edbuzn\u00fdmi p\u016fsobit p\u0159\u00edli\u0161 form\u00e1ln\u011b. Ve skute\u010dnosti v\u0161ak mohou zachr\u00e1nit vztahy p\u0159ed mnohem v\u00e1\u017en\u011bj\u0161\u00edmi konflikty.<\/p>\n\n\n\n<h2 class=\"wp-block-heading\">Nikdy ne\u0161lo jen o jablko<\/h2>\n\n\n\n<p class=\"wp-block-paragraph\">Po n\u011bkolika m\u011bs\u00edc\u00edch jsem si uv\u011bdomila, \u017ee jsem za ono nep\u0159\u00edjemn\u00e9 odpoledne vlastn\u011b vd\u011b\u010dn\u00e1.<\/p>\n\n\n\n<p class=\"wp-block-paragraph\">Ne za samotnou h\u00e1dku.<\/p>\n\n\n\n<p class=\"wp-block-paragraph\">Ale za to, co n\u00e1s donutila pochopit.<\/p>\n\n\n\n<p class=\"wp-block-paragraph\">Za\u010dala jsem v\u011b\u0159it, \u017ee b\u00fdt dobrou matkou a babi\u010dkou znamen\u00e1 b\u00fdt neust\u00e1le k dispozici. Emily si zase na mou p\u0159\u00edtomnost zvykla natolik, \u017ee p\u0159estala vn\u00edmat, jak velkou \u010d\u00e1st sv\u00e9ho \u017eivota jsem p\u0159izp\u016fsobila jej\u00ed rodin\u011b.<\/p>\n\n\n\n<p class=\"wp-block-paragraph\">Ani jeden z t\u011bchto p\u0159\u00edstup\u016f nemohl fungovat dlouhodob\u011b.<\/p>\n\n\n\n<p class=\"wp-block-paragraph\">Dnes se sv\u00fdm vnukem st\u00e1le tr\u00e1v\u00edm spoustu \u010dasu.<\/p>\n\n\n\n<p class=\"wp-block-paragraph\">Rozd\u00edl je v tom, \u017ee jsem znovu p\u0159edev\u0161\u00edm jeho babi\u010dkou.<\/p>\n\n\n\n<p class=\"wp-block-paragraph\">N\u011bkdy ho hl\u00edd\u00e1m. Jindy p\u0159ijdu jen na n\u00e1v\u0161t\u011bvu, pohraji si s n\u00edm a odejdu dom\u016f, kdy\u017e chci. Emily se nav\u00edc nau\u010dila nejd\u0159\u00edv zeptat, zda m\u00e1m \u010das, m\u00edsto aby automaticky p\u0159edpokl\u00e1dala, \u017ee budu k dispozici.<\/p>\n\n\n\n<p class=\"wp-block-paragraph\">N\u00e1\u0161 vztah se d\u00edky tomu zlep\u0161il.<\/p>\n\n\n\n<p class=\"wp-block-paragraph\">Pochopily jsme toti\u017e n\u011bco, co n\u011bkter\u00e9 rodiny zjist\u00ed a\u017e po mnohem bolestiv\u011bj\u0161\u00edm konfliktu:<\/p>\n\n\n\n<p class=\"wp-block-paragraph\">L\u00e1ska neznamen\u00e1, \u017ee nepot\u0159ebujeme hranice.<\/p>\n\n\n\n<p class=\"wp-block-paragraph\">Naopak. Zdrav\u00e9 hranice mohou vztahy chr\u00e1nit, proto\u017ee br\u00e1n\u00ed tomu, aby se dobrovoln\u00e1 pomoc zm\u011bnila v povinnost a vd\u011b\u010dnost v samoz\u0159ejm\u00e9 o\u010dek\u00e1v\u00e1n\u00ed.<\/p>\n\n\n\n<p class=\"wp-block-paragraph\">Na prvn\u00ed pohled \u0161lo o kousek s\u00fdra a jedno jablko.<\/p>\n\n\n\n<p class=\"wp-block-paragraph\">Ve skute\u010dnosti \u0161lo o \u010das, respekt a neviditelnou pr\u00e1ci, kterou lid\u00e9 ka\u017ed\u00fd den vykon\u00e1vaj\u00ed pro ty, kter\u00e9 miluj\u00ed.<\/p>\n\n\n\n<p class=\"wp-block-paragraph\">A n\u011bkdy sta\u010d\u00ed jedna \u00fapln\u011b oby\u010dejn\u00e1 chv\u00edle, aby odhalila probl\u00e9m, o kter\u00e9m m\u011bla rodina mluvit u\u017e d\u00e1vno.<\/p>\n\n\n\n<p class=\"wp-block-paragraph\"><\/p>\n","protected":false},"excerpt":{"rendered":"Kdy\u017e mi dcera ozn\u00e1mila, \u017ee \u010dek\u00e1 sv\u00e9 prvn\u00ed d\u00edt\u011b, p\u0159edstavovala jsem si oby\u010dejn\u00e9 radosti, kter\u00e9 p\u0159in\u00e1\u0161\u00ed role babi\u010dky: chovat sp\u00edc\u00ed miminko, chodit s \n<a class=\"moretag\" href=\"https:\/\/ikuk.arminfonews.ru\/?p=9677\"> [...]<\/a>","protected":false},"author":1,"featured_media":9678,"comment_status":"open","ping_status":"open","sticky":false,"template":"","format":"standard","meta":{"footnotes":""},"categories":[1],"tags":[],"class_list":["post-9677","post","type-post","status-publish","format-standard","has-post-thumbnail","hentry","category-uncategorised"],"yoast_head":"<!-- This site is optimized with the Yoast SEO plugin v28.4 - https:\/\/yoast.com\/product\/yoast-seo-wordpress\/ -->\n<title>Den, kdy babi\u010dka odm\u00edtla b\u00fdt samoz\u0159ejmost\u00ed -<\/title>\n<meta name=\"robots\" content=\"index, follow, max-snippet:-1, max-image-preview:large, max-video-preview:-1\" \/>\n<link rel=\"canonical\" href=\"https:\/\/ikuk.arminfonews.ru\/?p=9677\" \/>\n<meta property=\"og:locale\" content=\"ru_RU\" \/>\n<meta property=\"og:type\" content=\"article\" \/>\n<meta property=\"og:title\" content=\"Den, kdy babi\u010dka odm\u00edtla b\u00fdt samoz\u0159ejmost\u00ed -\" \/>\n<meta property=\"og:description\" content=\"Kdy\u017e mi dcera ozn\u00e1mila, \u017ee \u010dek\u00e1 sv\u00e9 prvn\u00ed d\u00edt\u011b, p\u0159edstavovala jsem si oby\u010dejn\u00e9 radosti, kter\u00e9 p\u0159in\u00e1\u0161\u00ed role babi\u010dky: chovat sp\u00edc\u00ed miminko, chodit s\" \/>\n<meta property=\"og:url\" content=\"https:\/\/ikuk.arminfonews.ru\/?p=9677\" \/>\n<meta property=\"article:published_time\" content=\"2026-09-04T08:16:48+00:00\" \/>\n<meta property=\"article:modified_time\" content=\"2026-09-04T08:16:50+00:00\" \/>\n<meta property=\"og:image\" content=\"https:\/\/ikuk.arminfonews.ru\/wp-content\/uploads\/2026\/09\/253-1024x538.png\" \/>\n\t<meta property=\"og:image:width\" content=\"1024\" \/>\n\t<meta property=\"og:image:height\" content=\"538\" \/>\n\t<meta property=\"og:image:type\" content=\"image\/png\" \/>\n<meta name=\"author\" content=\"admin\" \/>\n<meta name=\"twitter:card\" content=\"summary_large_image\" \/>\n<meta name=\"twitter:label1\" content=\"\u041d\u0430\u043f\u0438\u0441\u0430\u043d\u043e \u0430\u0432\u0442\u043e\u0440\u043e\u043c\" \/>\n\t<meta name=\"twitter:data1\" content=\"admin\" \/>\n\t<meta name=\"twitter:label2\" content=\"\u041f\u0440\u0438\u043c\u0435\u0440\u043d\u043e\u0435 \u0432\u0440\u0435\u043c\u044f \u0434\u043b\u044f \u0447\u0442\u0435\u043d\u0438\u044f\" \/>\n\t<meta name=\"twitter:data2\" content=\"9 \u043c\u0438\u043d\u0443\u0442\" \/>\n<script type=\"application\/ld+json\" class=\"yoast-schema-graph\">{\"@context\":\"https:\\\/\\\/schema.org\",\"@graph\":[{\"@type\":\"Article\",\"@id\":\"https:\\\/\\\/ikuk.arminfonews.ru\\\/?p=9677#article\",\"isPartOf\":{\"@id\":\"https:\\\/\\\/ikuk.arminfonews.ru\\\/?p=9677\"},\"author\":{\"name\":\"admin\",\"@id\":\"https:\\\/\\\/ikuk.arminfonews.ru\\\/#\\\/schema\\\/person\\\/a0f2d659891a86ef18b4c044f2ff8d9a\"},\"headline\":\"Den, kdy babi\u010dka odm\u00edtla b\u00fdt samoz\u0159ejmost\u00ed\",\"datePublished\":\"2026-09-04T08:16:48+00:00\",\"dateModified\":\"2026-09-04T08:16:50+00:00\",\"mainEntityOfPage\":{\"@id\":\"https:\\\/\\\/ikuk.arminfonews.ru\\\/?p=9677\"},\"wordCount\":2180,\"commentCount\":0,\"image\":{\"@id\":\"https:\\\/\\\/ikuk.arminfonews.ru\\\/?p=9677#primaryimage\"},\"thumbnailUrl\":\"https:\\\/\\\/ikuk.arminfonews.ru\\\/wp-content\\\/uploads\\\/2026\\\/09\\\/253.png\",\"articleSection\":[\"NEWS\"],\"inLanguage\":\"ru-RU\",\"potentialAction\":[{\"@type\":\"CommentAction\",\"name\":\"Comment\",\"target\":[\"https:\\\/\\\/ikuk.arminfonews.ru\\\/?p=9677#respond\"]}]},{\"@type\":\"WebPage\",\"@id\":\"https:\\\/\\\/ikuk.arminfonews.ru\\\/?p=9677\",\"url\":\"https:\\\/\\\/ikuk.arminfonews.ru\\\/?p=9677\",\"name\":\"Den, kdy babi\u010dka odm\u00edtla b\u00fdt samoz\u0159ejmost\u00ed -\",\"isPartOf\":{\"@id\":\"https:\\\/\\\/ikuk.arminfonews.ru\\\/#website\"},\"primaryImageOfPage\":{\"@id\":\"https:\\\/\\\/ikuk.arminfonews.ru\\\/?p=9677#primaryimage\"},\"image\":{\"@id\":\"https:\\\/\\\/ikuk.arminfonews.ru\\\/?p=9677#primaryimage\"},\"thumbnailUrl\":\"https:\\\/\\\/ikuk.arminfonews.ru\\\/wp-content\\\/uploads\\\/2026\\\/09\\\/253.png\",\"datePublished\":\"2026-09-04T08:16:48+00:00\",\"dateModified\":\"2026-09-04T08:16:50+00:00\",\"author\":{\"@id\":\"https:\\\/\\\/ikuk.arminfonews.ru\\\/#\\\/schema\\\/person\\\/a0f2d659891a86ef18b4c044f2ff8d9a\"},\"breadcrumb\":{\"@id\":\"https:\\\/\\\/ikuk.arminfonews.ru\\\/?p=9677#breadcrumb\"},\"inLanguage\":\"ru-RU\",\"potentialAction\":[{\"@type\":\"ReadAction\",\"target\":[\"https:\\\/\\\/ikuk.arminfonews.ru\\\/?p=9677\"]}]},{\"@type\":\"ImageObject\",\"inLanguage\":\"ru-RU\",\"@id\":\"https:\\\/\\\/ikuk.arminfonews.ru\\\/?p=9677#primaryimage\",\"url\":\"https:\\\/\\\/ikuk.arminfonews.ru\\\/wp-content\\\/uploads\\\/2026\\\/09\\\/253.png\",\"contentUrl\":\"https:\\\/\\\/ikuk.arminfonews.ru\\\/wp-content\\\/uploads\\\/2026\\\/09\\\/253.png\",\"width\":1731,\"height\":909},{\"@type\":\"BreadcrumbList\",\"@id\":\"https:\\\/\\\/ikuk.arminfonews.ru\\\/?p=9677#breadcrumb\",\"itemListElement\":[{\"@type\":\"ListItem\",\"position\":1,\"name\":\"\u0413\u043b\u0430\u0432\u043d\u0430\u044f \u0441\u0442\u0440\u0430\u043d\u0438\u0446\u0430\",\"item\":\"https:\\\/\\\/ikuk.arminfonews.ru\\\/\"},{\"@type\":\"ListItem\",\"position\":2,\"name\":\"Den, kdy babi\u010dka odm\u00edtla b\u00fdt samoz\u0159ejmost\u00ed\"}]},{\"@type\":\"WebSite\",\"@id\":\"https:\\\/\\\/ikuk.arminfonews.ru\\\/#website\",\"url\":\"https:\\\/\\\/ikuk.arminfonews.ru\\\/\",\"name\":\"\",\"description\":\"\",\"potentialAction\":[{\"@type\":\"SearchAction\",\"target\":{\"@type\":\"EntryPoint\",\"urlTemplate\":\"https:\\\/\\\/ikuk.arminfonews.ru\\\/?s={search_term_string}\"},\"query-input\":{\"@type\":\"PropertyValueSpecification\",\"valueRequired\":true,\"valueName\":\"search_term_string\"}}],\"inLanguage\":\"ru-RU\"},{\"@type\":\"Person\",\"@id\":\"https:\\\/\\\/ikuk.arminfonews.ru\\\/#\\\/schema\\\/person\\\/a0f2d659891a86ef18b4c044f2ff8d9a\",\"name\":\"admin\",\"image\":{\"@type\":\"ImageObject\",\"inLanguage\":\"ru-RU\",\"@id\":\"https:\\\/\\\/secure.gravatar.com\\\/avatar\\\/0ed435f9e4056e0930898ce78c89fa82fe18d3c798c761c71f1f33be878b3b0b?s=96&d=mm&r=g\",\"url\":\"https:\\\/\\\/secure.gravatar.com\\\/avatar\\\/0ed435f9e4056e0930898ce78c89fa82fe18d3c798c761c71f1f33be878b3b0b?s=96&d=mm&r=g\",\"contentUrl\":\"https:\\\/\\\/secure.gravatar.com\\\/avatar\\\/0ed435f9e4056e0930898ce78c89fa82fe18d3c798c761c71f1f33be878b3b0b?s=96&d=mm&r=g\",\"caption\":\"admin\"},\"sameAs\":[\"http:\\\/\\\/ikuk.arminfonews.ru\"],\"url\":\"https:\\\/\\\/ikuk.arminfonews.ru\\\/?author=1\"}]}<\/script>\n<!-- \/ Yoast SEO plugin. -->","yoast_head_json":{"title":"Den, kdy babi\u010dka odm\u00edtla b\u00fdt samoz\u0159ejmost\u00ed -","robots":{"index":"index","follow":"follow","max-snippet":"max-snippet:-1","max-image-preview":"max-image-preview:large","max-video-preview":"max-video-preview:-1"},"canonical":"https:\/\/ikuk.arminfonews.ru\/?p=9677","og_locale":"ru_RU","og_type":"article","og_title":"Den, kdy babi\u010dka odm\u00edtla b\u00fdt samoz\u0159ejmost\u00ed -","og_description":"Kdy\u017e mi dcera ozn\u00e1mila, \u017ee \u010dek\u00e1 sv\u00e9 prvn\u00ed d\u00edt\u011b, p\u0159edstavovala jsem si oby\u010dejn\u00e9 radosti, kter\u00e9 p\u0159in\u00e1\u0161\u00ed role babi\u010dky: chovat sp\u00edc\u00ed miminko, chodit s","og_url":"https:\/\/ikuk.arminfonews.ru\/?p=9677","article_published_time":"2026-09-04T08:16:48+00:00","article_modified_time":"2026-09-04T08:16:50+00:00","og_image":[{"width":1024,"height":538,"url":"https:\/\/ikuk.arminfonews.ru\/wp-content\/uploads\/2026\/09\/253-1024x538.png","type":"image\/png"}],"author":"admin","twitter_card":"summary_large_image","twitter_misc":{"\u041d\u0430\u043f\u0438\u0441\u0430\u043d\u043e \u0430\u0432\u0442\u043e\u0440\u043e\u043c":"admin","\u041f\u0440\u0438\u043c\u0435\u0440\u043d\u043e\u0435 \u0432\u0440\u0435\u043c\u044f \u0434\u043b\u044f \u0447\u0442\u0435\u043d\u0438\u044f":"9 \u043c\u0438\u043d\u0443\u0442"},"schema":{"@context":"https:\/\/schema.org","@graph":[{"@type":"Article","@id":"https:\/\/ikuk.arminfonews.ru\/?p=9677#article","isPartOf":{"@id":"https:\/\/ikuk.arminfonews.ru\/?p=9677"},"author":{"name":"admin","@id":"https:\/\/ikuk.arminfonews.ru\/#\/schema\/person\/a0f2d659891a86ef18b4c044f2ff8d9a"},"headline":"Den, kdy babi\u010dka odm\u00edtla b\u00fdt samoz\u0159ejmost\u00ed","datePublished":"2026-09-04T08:16:48+00:00","dateModified":"2026-09-04T08:16:50+00:00","mainEntityOfPage":{"@id":"https:\/\/ikuk.arminfonews.ru\/?p=9677"},"wordCount":2180,"commentCount":0,"image":{"@id":"https:\/\/ikuk.arminfonews.ru\/?p=9677#primaryimage"},"thumbnailUrl":"https:\/\/ikuk.arminfonews.ru\/wp-content\/uploads\/2026\/09\/253.png","articleSection":["NEWS"],"inLanguage":"ru-RU","potentialAction":[{"@type":"CommentAction","name":"Comment","target":["https:\/\/ikuk.arminfonews.ru\/?p=9677#respond"]}]},{"@type":"WebPage","@id":"https:\/\/ikuk.arminfonews.ru\/?p=9677","url":"https:\/\/ikuk.arminfonews.ru\/?p=9677","name":"Den, kdy babi\u010dka odm\u00edtla b\u00fdt samoz\u0159ejmost\u00ed -","isPartOf":{"@id":"https:\/\/ikuk.arminfonews.ru\/#website"},"primaryImageOfPage":{"@id":"https:\/\/ikuk.arminfonews.ru\/?p=9677#primaryimage"},"image":{"@id":"https:\/\/ikuk.arminfonews.ru\/?p=9677#primaryimage"},"thumbnailUrl":"https:\/\/ikuk.arminfonews.ru\/wp-content\/uploads\/2026\/09\/253.png","datePublished":"2026-09-04T08:16:48+00:00","dateModified":"2026-09-04T08:16:50+00:00","author":{"@id":"https:\/\/ikuk.arminfonews.ru\/#\/schema\/person\/a0f2d659891a86ef18b4c044f2ff8d9a"},"breadcrumb":{"@id":"https:\/\/ikuk.arminfonews.ru\/?p=9677#breadcrumb"},"inLanguage":"ru-RU","potentialAction":[{"@type":"ReadAction","target":["https:\/\/ikuk.arminfonews.ru\/?p=9677"]}]},{"@type":"ImageObject","inLanguage":"ru-RU","@id":"https:\/\/ikuk.arminfonews.ru\/?p=9677#primaryimage","url":"https:\/\/ikuk.arminfonews.ru\/wp-content\/uploads\/2026\/09\/253.png","contentUrl":"https:\/\/ikuk.arminfonews.ru\/wp-content\/uploads\/2026\/09\/253.png","width":1731,"height":909},{"@type":"BreadcrumbList","@id":"https:\/\/ikuk.arminfonews.ru\/?p=9677#breadcrumb","itemListElement":[{"@type":"ListItem","position":1,"name":"\u0413\u043b\u0430\u0432\u043d\u0430\u044f \u0441\u0442\u0440\u0430\u043d\u0438\u0446\u0430","item":"https:\/\/ikuk.arminfonews.ru\/"},{"@type":"ListItem","position":2,"name":"Den, kdy babi\u010dka odm\u00edtla b\u00fdt samoz\u0159ejmost\u00ed"}]},{"@type":"WebSite","@id":"https:\/\/ikuk.arminfonews.ru\/#website","url":"https:\/\/ikuk.arminfonews.ru\/","name":"","description":"","potentialAction":[{"@type":"SearchAction","target":{"@type":"EntryPoint","urlTemplate":"https:\/\/ikuk.arminfonews.ru\/?s={search_term_string}"},"query-input":{"@type":"PropertyValueSpecification","valueRequired":true,"valueName":"search_term_string"}}],"inLanguage":"ru-RU"},{"@type":"Person","@id":"https:\/\/ikuk.arminfonews.ru\/#\/schema\/person\/a0f2d659891a86ef18b4c044f2ff8d9a","name":"admin","image":{"@type":"ImageObject","inLanguage":"ru-RU","@id":"https:\/\/secure.gravatar.com\/avatar\/0ed435f9e4056e0930898ce78c89fa82fe18d3c798c761c71f1f33be878b3b0b?s=96&d=mm&r=g","url":"https:\/\/secure.gravatar.com\/avatar\/0ed435f9e4056e0930898ce78c89fa82fe18d3c798c761c71f1f33be878b3b0b?s=96&d=mm&r=g","contentUrl":"https:\/\/secure.gravatar.com\/avatar\/0ed435f9e4056e0930898ce78c89fa82fe18d3c798c761c71f1f33be878b3b0b?s=96&d=mm&r=g","caption":"admin"},"sameAs":["http:\/\/ikuk.arminfonews.ru"],"url":"https:\/\/ikuk.arminfonews.ru\/?author=1"}]}},"_links":{"self":[{"href":"https:\/\/ikuk.arminfonews.ru\/index.php?rest_route=\/wp\/v2\/posts\/9677","targetHints":{"allow":["GET"]}}],"collection":[{"href":"https:\/\/ikuk.arminfonews.ru\/index.php?rest_route=\/wp\/v2\/posts"}],"about":[{"href":"https:\/\/ikuk.arminfonews.ru\/index.php?rest_route=\/wp\/v2\/types\/post"}],"author":[{"embeddable":true,"href":"https:\/\/ikuk.arminfonews.ru\/index.php?rest_route=\/wp\/v2\/users\/1"}],"replies":[{"embeddable":true,"href":"https:\/\/ikuk.arminfonews.ru\/index.php?rest_route=%2Fwp%2Fv2%2Fcomments&post=9677"}],"version-history":[{"count":1,"href":"https:\/\/ikuk.arminfonews.ru\/index.php?rest_route=\/wp\/v2\/posts\/9677\/revisions"}],"predecessor-version":[{"id":9679,"href":"https:\/\/ikuk.arminfonews.ru\/index.php?rest_route=\/wp\/v2\/posts\/9677\/revisions\/9679"}],"wp:featuredmedia":[{"embeddable":true,"href":"https:\/\/ikuk.arminfonews.ru\/index.php?rest_route=\/wp\/v2\/media\/9678"}],"wp:attachment":[{"href":"https:\/\/ikuk.arminfonews.ru\/index.php?rest_route=%2Fwp%2Fv2%2Fmedia&parent=9677"}],"wp:term":[{"taxonomy":"category","embeddable":true,"href":"https:\/\/ikuk.arminfonews.ru\/index.php?rest_route=%2Fwp%2Fv2%2Fcategories&post=9677"},{"taxonomy":"post_tag","embeddable":true,"href":"https:\/\/ikuk.arminfonews.ru\/index.php?rest_route=%2Fwp%2Fv2%2Ftags&post=9677"}],"curies":[{"name":"wp","href":"https:\/\/api.w.org\/{rel}","templated":true}]}}