{"id":9671,"date":"2026-09-04T06:36:28","date_gmt":"2026-09-04T05:36:28","guid":{"rendered":"https:\/\/ikuk.arminfonews.ru\/?p=9671"},"modified":"2026-09-04T06:36:29","modified_gmt":"2026-09-04T05:36:29","slug":"kdyz-se-detstvi-stretne-s-rodicovstvim","status":"publish","type":"post","link":"https:\/\/ikuk.arminfonews.ru\/?p=9671","title":{"rendered":"Kdy\u017e se d\u011btstv\u00ed st\u0159etne s rodi\u010dovstv\u00edm"},"content":{"rendered":"\n<p class=\"wp-block-paragraph\">P\u0159\u00edb\u011bhy o mimo\u0159\u00e1dn\u011b mlad\u00fdch rodi\u010d\u00edch t\u00e9m\u011b\u0159 v\u017edy okam\u017eit\u011b p\u0159itahuj\u00ed pozornost. Naru\u0161uj\u00ed na\u0161e b\u011b\u017en\u00e9 p\u0159edstavy o d\u011btstv\u00ed, odpov\u011bdnosti, rodin\u011b a v\u011bku, kdy je \u010dlov\u011bk p\u0159ipraven starat se o n\u011bkoho dal\u0161\u00edho. Kdy\u017e se objev\u00ed informace, \u017ee se chlapec stal otcem ve pouh\u00fdch 13 letech a jeho p\u0159\u00edtelkyni bylo 15, reakce ve\u0159ejnosti b\u00fdvaj\u00ed siln\u00e9. N\u011bkte\u0159\u00ed lid\u00e9 reaguj\u00ed ned\u016fv\u011brou, jin\u00ed obavami a mnoho z nich chce p\u0159edev\u0161\u00edm v\u011bd\u011bt, co se s mlad\u00fdmi rodi\u010di stalo pozd\u011bji.<\/p>\n\n\n\n<p class=\"wp-block-paragraph\">Za senza\u010dn\u00edm titulkem se v\u0161ak skr\u00fdv\u00e1 mnohem slo\u017eit\u011bj\u0161\u00ed t\u00e9ma. T\u011bhotenstv\u00ed dvou velmi mlad\u00fdch teenager\u016f nen\u00ed jen neobvykl\u00fdm rodinn\u00fdm p\u0159\u00edb\u011bhem. Vyvol\u00e1v\u00e1 ot\u00e1zky t\u00fdkaj\u00edc\u00ed se vzd\u011bl\u00e1n\u00ed, podpory rodiny, spole\u010densk\u00e9ho tlaku, finan\u010dn\u00ed odpov\u011bdnosti, soukrom\u00ed a dlouhodob\u00fdch n\u00e1sledk\u016f situace, kdy \u010dlov\u011bk z\u00edsk\u00e1 povinnosti dosp\u011bl\u00e9ho je\u0161t\u011b p\u0159ed koncem vlastn\u00edho d\u011btstv\u00ed.<\/p>\n\n\n\n<figure class=\"wp-block-image size-large\"><img loading=\"lazy\" decoding=\"async\" width=\"1024\" height=\"538\" src=\"https:\/\/ikuk.arminfonews.ru\/wp-content\/uploads\/2026\/09\/2220-1024x538.png\" alt=\"\" class=\"wp-image-9672\" srcset=\"https:\/\/ikuk.arminfonews.ru\/wp-content\/uploads\/2026\/09\/2220-1024x538.png 1024w, https:\/\/ikuk.arminfonews.ru\/wp-content\/uploads\/2026\/09\/2220-300x158.png 300w, https:\/\/ikuk.arminfonews.ru\/wp-content\/uploads\/2026\/09\/2220-768x403.png 768w, https:\/\/ikuk.arminfonews.ru\/wp-content\/uploads\/2026\/09\/2220-1536x807.png 1536w, https:\/\/ikuk.arminfonews.ru\/wp-content\/uploads\/2026\/09\/2220.png 1731w\" sizes=\"auto, (max-width: 1024px) 100vw, 1024px\" \/><\/figure>\n\n\n\n<p class=\"wp-block-paragraph\">Po t\u00e9m\u011b\u0159 patn\u00e1cti letech proto nen\u00ed nejd\u016fle\u017eit\u011bj\u0161\u00ed ot\u00e1zkou to, zda byl p\u016fvodn\u00ed p\u0159\u00edb\u011bh \u0161okuj\u00edc\u00ed. Mnohem podstatn\u011bj\u0161\u00ed je, co podobn\u00e1 zku\u0161enost m\u016f\u017ee znamenat pro v\u0161echny z\u00fa\u010dastn\u011bn\u00e9 a pro\u010d bychom m\u011bli b\u00fdt opatrn\u00ed, kdy\u017e se ze \u017eivota velmi mlad\u00fdch rodi\u010d\u016f st\u00e1v\u00e1 ve\u0159ejn\u00e1 pod\u00edvan\u00e1.<\/p>\n\n\n\n<h2 class=\"wp-block-heading\">Ud\u00e1lost, kter\u00e1 zm\u011bn\u00ed \u017eivot v mimo\u0159\u00e1dn\u011b n\u00edzk\u00e9m v\u011bku<\/h2>\n\n\n\n<p class=\"wp-block-paragraph\">Podle dostupn\u00e9ho popisu bylo chlapci \u00fadajn\u011b pouh\u00fdch 13 let, kdy\u017e se stal otcem, zat\u00edmco jeho p\u0159\u00edtelkyni bylo 15. Proto\u017ee p\u016fvodn\u00ed materi\u00e1l neposkytuje nez\u00e1visle ov\u011b\u0159en\u00e1 jm\u00e9na, p\u0159esn\u00e1 data, m\u00edsto ani podrobn\u00e9 \u017eivotopisn\u00e9 informace, je vhodn\u00e9 tyto \u00fadaje pova\u017eovat za uv\u00e1d\u011bn\u00e9 informace a nedopl\u0148ovat je o neov\u011b\u0159en\u00e9 detaily.<\/p>\n\n\n\n<p class=\"wp-block-paragraph\">U\u017e samotn\u00fd v\u011bk v\u0161ak vysv\u011btluje, pro\u010d p\u0159\u00edpad vyvolal tolik pozornosti a kontroverz\u00ed.<\/p>\n\n\n\n<p class=\"wp-block-paragraph\">Ve t\u0159in\u00e1cti letech je v\u011bt\u0161ina d\u011bt\u00ed st\u00e1le t\u00e9m\u011b\u0159 ve v\u0161ech d\u016fle\u017eit\u00fdch oblastech \u017eivota z\u00e1visl\u00e1 na dosp\u011bl\u00fdch. Chod\u00ed do \u0161koly, \u017eij\u00ed pod dohledem rodi\u010d\u016f a teprve za\u010d\u00ednaj\u00ed z\u00edsk\u00e1vat emocion\u00e1ln\u00ed a praktickou samostatnost, kterou b\u011b\u017en\u011b spojujeme s dosp\u011blost\u00ed.<\/p>\n\n\n\n<p class=\"wp-block-paragraph\">Narozen\u00ed d\u00edt\u011bte tento sv\u011bt z\u00e1sadn\u011b m\u011bn\u00ed.<\/p>\n\n\n\n<p class=\"wp-block-paragraph\">Miminko pot\u0159ebuje nep\u0159etr\u017eitou p\u00e9\u010di. Krmen\u00ed, sp\u00e1nek, n\u00e1v\u0161t\u011bvy l\u00e9ka\u0159e a ka\u017edodenn\u00ed dohled nezmiz\u00ed jen proto, \u017ee jeho rodi\u010de jsou sami velmi mlad\u00ed. Sou\u010dasn\u011b v\u0161ak dosp\u00edvaj\u00edc\u00ed rodi\u010de st\u00e1le maj\u00ed vlastn\u00ed pot\u0159eby spojen\u00e9 s v\u00fdvojem, vzd\u011bl\u00e1n\u00edm a dosp\u00edv\u00e1n\u00edm.<\/p>\n\n\n\n<p class=\"wp-block-paragraph\">Vznik\u00e1 tak mimo\u0159\u00e1dn\u00fd st\u0159et dvou \u017eivotn\u00edch etap: \u010dlov\u011bk, kter\u00fd s\u00e1m st\u00e1le pot\u0159ebuje zna\u010dnou podporu a veden\u00ed, se najednou pod\u00edl\u00ed na odpov\u011bdnosti za dal\u0161\u00ed lidsk\u00fd \u017eivot.<\/p>\n\n\n\n<h2 class=\"wp-block-heading\">Pro\u010d se rodina st\u00e1v\u00e1 tak d\u016fle\u017eitou<\/h2>\n\n\n\n<p class=\"wp-block-paragraph\">Kdy\u017e se rodi\u010di stanou dosp\u011bl\u00ed lid\u00e9, obvykle se od nich o\u010dek\u00e1v\u00e1, \u017ee budou sami rozhodovat o bydlen\u00ed, pr\u00e1ci, zdravotn\u00ed p\u00e9\u010di a p\u00e9\u010di o d\u00edt\u011b. Velmi mlad\u00ed rodi\u010de v\u0161ak v\u011bt\u0161inu t\u011bchto v\u011bc\u00ed obvykle nemohou zvl\u00e1dnout bez pomoci.<\/p>\n\n\n\n<p class=\"wp-block-paragraph\">Proto z\u00edsk\u00e1v\u00e1 okoln\u00ed rodina mimo\u0159\u00e1dn\u00fd v\u00fdznam.<\/p>\n\n\n\n<p class=\"wp-block-paragraph\">Prarodi\u010de a dal\u0161\u00ed p\u0159\u00edbuzn\u00ed se mohou n\u00e1hle ocitnout v rol\u00edch, se kter\u00fdmi v\u016fbec nepo\u010d\u00edtali. Mohou se st\u00e1t pe\u010dovateli, finan\u010dn\u00edmi podporovateli, zaji\u0161\u0165ovat dopravu nebo poskytovat pot\u0159ebnou emocion\u00e1ln\u00ed stabilitu. V n\u011bkter\u00fdch p\u0159\u00edpadech tak prakticky vznik\u00e1 t\u0159\u00edgenera\u010dn\u00ed model p\u00e9\u010de o d\u00edt\u011b.<\/p>\n\n\n\n<p class=\"wp-block-paragraph\">Podpora m\u016f\u017ee m\u00edt obrovsk\u00fd v\u00fdznam.<\/p>\n\n\n\n<p class=\"wp-block-paragraph\">Teenager, kter\u00fd m\u00e1 zaji\u0161t\u011bnou spolehlivou p\u00e9\u010di o d\u00edt\u011b, m\u00e1 nap\u0159\u00edklad v\u011bt\u0161\u00ed \u0161anci pokra\u010dovat ve \u0161kole. D\u00edky pomoci p\u0159\u00edbuzn\u00fdch m\u016f\u017ee nav\u0161t\u011bvovat l\u00e9ka\u0159e, udr\u017eovat kontakt s vrstevn\u00edky a postupn\u011b z\u00edsk\u00e1vat rodi\u010dovsk\u00e9 zku\u0161enosti, ani\u017e by byl v\u0161emi povinnostmi zcela zahlcen.<\/p>\n\n\n\n<p class=\"wp-block-paragraph\">Zapojen\u00ed rodiny v\u0161ak m\u016f\u017ee p\u0159in\u00e1\u0161et tak\u00e9 komplikace. P\u0159\u00edbuzn\u00ed se mohou p\u0159\u00edt o to, kdo m\u00e1 rozhodovat o d\u00edt\u011bti. Mohou m\u00edt rozd\u00edln\u00e9 n\u00e1zory na v\u00fdchovu, vzd\u011bl\u00e1v\u00e1n\u00ed nebo vztah mlad\u00fdch rodi\u010d\u016f. Dal\u0161\u00ed konflikty m\u016f\u017ee zp\u016fsobovat finan\u010dn\u00ed tlak.<\/p>\n\n\n\n<p class=\"wp-block-paragraph\">Neexistuje jedin\u00fd sc\u00e9n\u00e1\u0159, kter\u00fd by platil pro v\u0161echny rodiny mlad\u00fdch rodi\u010d\u016f.<\/p>\n\n\n\n<h2 class=\"wp-block-heading\">Vzd\u011bl\u00e1n\u00ed m\u016f\u017ee rozhodnout o budoucnosti<\/h2>\n\n\n\n<p class=\"wp-block-paragraph\">Jednou z nejd\u016fle\u017eit\u011bj\u0161\u00edch dlouhodob\u00fdch ot\u00e1zek je, zda velmi mlad\u00ed rodi\u010de dok\u00e1\u017eou pokra\u010dovat ve vzd\u011bl\u00e1v\u00e1n\u00ed.<\/p>\n\n\n\n<p class=\"wp-block-paragraph\">Narozen\u00ed d\u00edt\u011bte neodstran\u00ed \u0161koln\u00ed povinnosti, zkou\u0161ky ani pot\u0159ebu p\u0159ipravit se na budouc\u00ed zam\u011bstn\u00e1n\u00ed. Rodi\u010dovstv\u00ed naopak p\u0159id\u00e1v\u00e1 dal\u0161\u00ed mimo\u0159\u00e1dn\u011b n\u00e1ro\u010dnou povinnost do obdob\u00ed \u017eivota, kter\u00e9 je slo\u017eit\u00e9 u\u017e samo o sob\u011b.<\/p>\n\n\n\n<p class=\"wp-block-paragraph\">Praktick\u00fdch probl\u00e9m\u016f m\u016f\u017ee b\u00fdt mnoho.<\/p>\n\n\n\n<p class=\"wp-block-paragraph\">Kdo se postar\u00e1 o d\u00edt\u011b b\u011bhem vyu\u010dov\u00e1n\u00ed? Co se stane, kdy\u017e miminko onemocn\u00ed? Je k dispozici doprava? Dok\u00e1\u017ee mlad\u00fd rodi\u010d studovat po noci p\u0159eru\u0161ovan\u00e9 pl\u00e1\u010dem d\u00edt\u011bte? Nab\u00edz\u00ed \u0161kola ur\u010ditou flexibilitu, nebo teenager za\u010dne postupn\u011b zaost\u00e1vat?<\/p>\n\n\n\n<p class=\"wp-block-paragraph\">Tyto zd\u00e1nliv\u011b oby\u010dejn\u00e9 ot\u00e1zky mohou ovlivnit mnoho dal\u0161\u00edch let \u017eivota.<\/p>\n\n\n\n<p class=\"wp-block-paragraph\">P\u0159ed\u010dasn\u00e9 ukon\u010den\u00ed \u0161koly m\u016f\u017ee omezit mo\u017enosti zam\u011bstn\u00e1n\u00ed a budouc\u00ed p\u0159\u00edjmy. Pokra\u010dov\u00e1n\u00ed ve vzd\u011bl\u00e1v\u00e1n\u00ed naopak m\u016f\u017ee p\u0159edstavovat cestu k v\u011bt\u0161\u00ed samostatnosti a finan\u010dn\u00ed stabilit\u011b.<\/p>\n\n\n\n<p class=\"wp-block-paragraph\">Proto nen\u00ed spr\u00e1vn\u00e9 vn\u00edmat rodi\u010dovstv\u00ed teenager\u016f pouze jako ot\u00e1zku osobn\u00ed odpov\u011bdnosti. Velkou roli hraje prost\u0159ed\u00ed. Rodina, \u0161kola, zdravotn\u00edci i soci\u00e1ln\u00ed a komunitn\u00ed slu\u017eby mohou ovlivnit, zda mlad\u00ed rodi\u010de z\u016fstanou ve vzd\u011bl\u00e1vac\u00edm syst\u00e9mu a dostanou podporu, kterou pot\u0159ebuj\u00ed.<\/p>\n\n\n\n<h2 class=\"wp-block-heading\">Dosp\u00edv\u00e1n\u00ed pod dohledem ve\u0159ejnosti<\/h2>\n\n\n\n<p class=\"wp-block-paragraph\">Pokud se neobvykl\u00fd p\u0159\u00edpad stane \u0161iroce zn\u00e1m\u00fdm, p\u0159ich\u00e1z\u00ed dal\u0161\u00ed probl\u00e9m: lid\u00e9 mohou postupn\u011b ztratit kontrolu nad vlastn\u00edm p\u0159\u00edb\u011bhem.<\/p>\n\n\n\n<p class=\"wp-block-paragraph\">Ve\u0159ejnost se \u010dasto zaj\u00edm\u00e1 p\u0159edev\u0161\u00edm o dramatick\u00e9 ot\u00e1zky. Z\u016fstali mlad\u00ed rodi\u010de spolu? Kdo d\u00edt\u011b skute\u010dn\u011b vychov\u00e1v\u00e1? Jak vypadaj\u00ed dnes? Litovali toho, co se stalo? Vydr\u017eel jejich vztah?<\/p>\n\n\n\n<p class=\"wp-block-paragraph\">Takov\u00e9 ot\u00e1zky mohou p\u0159itahovat pozornost, ale z\u00e1rove\u0148 mohou skute\u010dn\u00e9 lidi prom\u011bnit v postavy nekone\u010dn\u00e9ho ve\u0159ejn\u00e9ho p\u0159\u00edb\u011bhu.<\/p>\n\n\n\n<p class=\"wp-block-paragraph\">Teenager, kter\u00e9mu bylo 13 nebo 15 let, se nakonec stane dosp\u011bl\u00fdm \u010dlov\u011bkem. Tak\u00e9 d\u00edt\u011b, kter\u00e9 st\u00e1lo uprost\u0159ed p\u016fvodn\u00edho p\u0159\u00edb\u011bhu, vyr\u016fst\u00e1. Po mnoha letech mohou m\u00edt v\u0161ichni z\u00fa\u010dastn\u011bn\u00ed \u00fapln\u011b jin\u00fd n\u00e1zor na publicitu, kter\u00e1 jejich rodinu kdysi obklopovala.<\/p>\n\n\n\n<p class=\"wp-block-paragraph\">V dob\u011b internetu je to zvl\u00e1\u0161\u0165 d\u016fle\u017eit\u00e9. Star\u00e9 fotografie a titulky mohou kolovat prakticky neomezen\u011b dlouho, \u010dasto bez p\u016fvodn\u00edho kontextu. P\u0159\u00edb\u011bh, kter\u00fd se kdysi objevil v novin\u00e1ch nebo televizi, se m\u016f\u017ee po letech znovu roz\u0161\u00ed\u0159it prost\u0159ednictv\u00edm soci\u00e1ln\u00edch s\u00edt\u00ed a zas\u00e1hnout \u00fapln\u011b nov\u00e9 publikum.<\/p>\n\n\n\n<p class=\"wp-block-paragraph\">Samotn\u00fd \u010das v\u0161ak neznamen\u00e1, \u017ee se soukrom\u00e9 detaily automaticky st\u00e1vaj\u00ed ve\u0159ejn\u00fdm majetkem.<\/p>\n\n\n\n<h2 class=\"wp-block-heading\">Patn\u00e1ct let m\u016f\u017ee zm\u011bnit t\u00e9m\u011b\u0159 v\u0161echno<\/h2>\n\n\n\n<p class=\"wp-block-paragraph\">Patn\u00e1ct let p\u0159edstavuje obrovskou \u010d\u00e1st \u017eivota \u010dlov\u011bka, kter\u00fd se stal rodi\u010dem na za\u010d\u00e1tku dosp\u00edv\u00e1n\u00ed.<\/p>\n\n\n\n<p class=\"wp-block-paragraph\">Z t\u0159in\u00e1ctilet\u00e9ho chlapce by dnes byl mu\u017e bl\u00ed\u017e\u00edc\u00ed se t\u0159ic\u00edtce. Z patn\u00e1ctilet\u00e9 d\u00edvky by byla p\u0159ibli\u017en\u011b t\u0159icetilet\u00e1 \u017eena. Jejich d\u00edt\u011b by mezit\u00edm vstupovalo do obdob\u00ed dosp\u00edv\u00e1n\u00ed \u2013 tedy do stejn\u00e9 \u017eivotn\u00ed etapy, ve kter\u00e9 se nach\u00e1zeli jeho vlastn\u00ed rodi\u010de, kdy\u017e jejich neobvykl\u00fd p\u0159\u00edb\u011bh za\u010dal.<\/p>\n\n\n\n<p class=\"wp-block-paragraph\">Pr\u00e1v\u011b tato skute\u010dnost vytv\u00e1\u0159\u00ed pozoruhodnou genera\u010dn\u00ed perspektivu.<\/p>\n\n\n\n<p class=\"wp-block-paragraph\">Mlad\u00ed rodi\u010de, kte\u0159\u00ed byli kdysi sami siln\u011b z\u00e1visl\u00ed na dosp\u011bl\u00fdch, dnes mohou m\u00edt zam\u011bstn\u00e1n\u00ed, vztahy, vlastn\u00ed dom\u00e1cnost a povinnosti, kter\u00e9 pro n\u011b v dob\u011b narozen\u00ed d\u00edt\u011bte musely p\u016fsobit velmi vzd\u00e1len\u011b. Jejich d\u00edt\u011b u\u017e nav\u00edc m\u016f\u017ee b\u00fdt dostate\u010dn\u011b star\u00e9 na to, aby ch\u00e1palo okolnosti sv\u00e9ho narozen\u00ed.<\/p>\n\n\n\n<p class=\"wp-block-paragraph\">Bez spolehliv\u00fdch aktu\u00e1ln\u00edch informac\u00ed by v\u0161ak nebylo spr\u00e1vn\u00e9 tvrdit, jak p\u0159esn\u011b se \u017eivot t\u00e9to konkr\u00e9tn\u00ed rodiny vyv\u00edjel. Vztahy mohou vydr\u017eet nebo skon\u010dit. Lid\u00e9 mohou z\u016fstat bl\u00edzk\u00fdmi p\u0159\u00e1teli, i kdy\u017e u\u017e netvo\u0159\u00ed p\u00e1r. Rodiny se mohou p\u0159est\u011bhovat, zm\u011bnit zam\u011bstn\u00e1n\u00ed nebo se z\u00e1m\u011brn\u011b st\u00e1hnout z ve\u0159ejn\u00e9ho \u017eivota.<\/p>\n\n\n\n<p class=\"wp-block-paragraph\">To, \u017ee se n\u011bkdo p\u0159estane objevovat v m\u00e9di\u00edch, samo o sob\u011b nevypov\u00edd\u00e1 o tom, co se s n\u00edm stalo.<\/p>\n\n\n\n<p class=\"wp-block-paragraph\">N\u011bkdy odchod z ve\u0159ejn\u00e9ho prostoru jednodu\u0161e znamen\u00e1, \u017ee si lid\u00e9 vybrali oby\u010dejn\u00fd soukrom\u00fd \u017eivot.<\/p>\n\n\n\n<h2 class=\"wp-block-heading\">Probl\u00e9m posuzov\u00e1n\u00ed teenager\u016f jako dosp\u011bl\u00fdch<\/h2>\n\n\n\n<p class=\"wp-block-paragraph\">P\u0159\u00edb\u011bhy velmi mlad\u00fdch rodi\u010d\u016f \u010dasto vyvol\u00e1vaj\u00ed tvrd\u00e9 soudy. Lid\u00e9 mohou obvi\u0148ovat jednoho z teenager\u016f, jejich rodi\u010de, \u0161kolu nebo spole\u010dnost jako celek.<\/p>\n\n\n\n<p class=\"wp-block-paragraph\">Dosp\u00edv\u00e1n\u00ed je v\u0161ak obdob\u00edm rychl\u00e9ho v\u00fdvoje. Mlad\u00ed lid\u00e9 se st\u00e1le u\u010d\u00ed vyhodnocovat d\u016fsledky sv\u00e9ho jedn\u00e1n\u00ed, zvl\u00e1dat emoce, nastavovat hranice a samostatn\u011b rozhodovat.<\/p>\n\n\n\n<p class=\"wp-block-paragraph\">To neznamen\u00e1, \u017ee jejich rozhodnut\u00ed nemaj\u00ed n\u00e1sledky. Znamen\u00e1 to pouze, \u017ee jejich chov\u00e1n\u00ed je nutn\u00e9 hodnotit s ohledem na v\u011bk a okolnosti.<\/p>\n\n\n\n<p class=\"wp-block-paragraph\">Pokud t\u011bhotenstv\u00ed zahrnuje velmi mlad\u00e9 dosp\u00edvaj\u00edc\u00ed, existuj\u00ed tak\u00e9 d\u016fle\u017eit\u00e9 ot\u00e1zky ochrany nezletil\u00fdch a pr\u00e1vn\u00ed aspekty. Z\u00e1kony t\u00fdkaj\u00edc\u00ed se v\u011bku zp\u016fsobilosti k sexu\u00e1ln\u00edmu souhlasu a sexu\u00e1ln\u00edch vztah\u016f nezletil\u00fdch se v jednotliv\u00fdch zem\u00edch v\u00fdrazn\u011b li\u0161\u00ed. Bez znalosti konkr\u00e9tn\u00edho m\u00edsta a ov\u011b\u0159en\u00fdch okolnost\u00ed proto nelze d\u011blat spolehliv\u00e9 pr\u00e1vn\u00ed z\u00e1v\u011bry.<\/p>\n\n\n\n<p class=\"wp-block-paragraph\">Obecn\u011b lze \u0159\u00edci, \u017ee situace t\u00fdkaj\u00edc\u00ed se d\u011bt\u00ed tohoto v\u011bku vy\u017eaduj\u00ed pozornost odpov\u011bdn\u00fdch dosp\u011bl\u00fdch a v p\u0159\u00edpad\u011b pot\u0159eby tak\u00e9 p\u0159\u00edslu\u0161n\u00fdch odborn\u00edk\u016f.<\/p>\n\n\n\n<h2 class=\"wp-block-heading\">Rodi\u010dovstv\u00ed teenager\u016f nen\u00ed jen vir\u00e1ln\u00ed p\u0159\u00edb\u011bh<\/h2>\n\n\n\n<p class=\"wp-block-paragraph\">Neju\u017eite\u010dn\u011bj\u0161\u00ed zp\u016fsob, jak podobn\u00e9 p\u0159\u00edpady vn\u00edmat, nen\u00ed pt\u00e1t se, zda jsou dostate\u010dn\u011b \u0161okuj\u00edc\u00ed na to, aby se sd\u00edlely. Mnohem d\u016fle\u017eit\u011bj\u0161\u00ed je zamyslet se nad t\u00edm, co vypov\u00eddaj\u00ed o probl\u00e9mech, kter\u00fdm mlad\u00e9 rodiny \u010del\u00ed.<\/p>\n\n\n\n<p class=\"wp-block-paragraph\">Dosp\u00edvaj\u00edc\u00ed rodi\u010de mohou sou\u010dasn\u011b pot\u0159ebovat zdravotn\u00ed p\u00e9\u010di, vzd\u011bl\u00e1v\u00e1n\u00ed, hl\u00edd\u00e1n\u00ed d\u00edt\u011bte, finan\u010dn\u00ed pomoc i emocion\u00e1ln\u00ed podporu. Pomoc mohou pot\u0159ebovat tak\u00e9 jejich vlastn\u00ed rodi\u010de, proto\u017ee se jejich rodinn\u00e9 role ne\u010dekan\u011b m\u011bn\u00ed.<\/p>\n\n\n\n<p class=\"wp-block-paragraph\">D\u00edt\u011b pot\u0159ebuje stabiln\u00ed prost\u0159ed\u00ed bez ohledu na to, jak neobvykle mohou okolnosti jeho narozen\u00ed p\u016fsobit lidem zven\u010d\u00ed.<\/p>\n\n\n\n<p class=\"wp-block-paragraph\">A mlad\u00ed rodi\u010de pot\u0159ebuj\u00ed mo\u017enost d\u00e1l dosp\u00edvat.<\/p>\n\n\n\n<p class=\"wp-block-paragraph\">Ve ve\u0159ejn\u00fdch debat\u00e1ch se \u010dasto objevuje p\u0159edstava, \u017ee rodi\u010dovstv\u00ed teenagera okam\u017eit\u011b prom\u011bn\u00ed v dosp\u011bl\u00e9ho \u010dlov\u011bka. Povinnosti mohou skute\u010dn\u011b p\u0159ij\u00edt b\u011bhem jedin\u00e9ho dne, ale osobn\u00ed zralost tak rychle nevznik\u00e1. Dosp\u00edv\u00e1n\u00ed z\u016fst\u00e1v\u00e1 postupn\u00fdm procesem.<\/p>\n\n\n\n<p class=\"wp-block-paragraph\">Pr\u00e1v\u011b proto je podpora tak d\u016fle\u017eit\u00e1.<\/p>\n\n\n\n<h2 class=\"wp-block-heading\">Co si z podobn\u00e9ho p\u0159\u00edb\u011bhu m\u016f\u017eeme odn\u00e9st<\/h2>\n\n\n\n<p class=\"wp-block-paragraph\">P\u0159\u00edb\u011bh \u00fadajn\u011b t\u0159in\u00e1ctilet\u00e9ho otce a patn\u00e1ctilet\u00e9 matky p\u0159irozen\u011b vyvol\u00e1v\u00e1 zv\u011bdavost, zejm\u00e9na kdy\u017e se k n\u011bmu ve\u0159ejnost vrac\u00ed t\u00e9m\u011b\u0159 po patn\u00e1cti letech. Zv\u011bdavost v\u0161ak nen\u00ed d\u016fvodem k vytv\u00e1\u0159en\u00ed dramatick\u00e9ho pokra\u010dov\u00e1n\u00ed tam, kde chyb\u011bj\u00ed spolehliv\u00e9 informace.<\/p>\n\n\n\n<p class=\"wp-block-paragraph\">Dostupn\u00e1 fakta jsou omezen\u00e1: oba teenage\u0159i byli podle p\u016fvodn\u00edho popisu mimo\u0159\u00e1dn\u011b mlad\u00ed, jejich situace vyvolala zna\u010dnou pozornost ve\u0159ejnosti a od tehdej\u0161\u00edch ud\u00e1lost\u00ed uplynulo mnoho let.<\/p>\n\n\n\n<p class=\"wp-block-paragraph\">V\u0161echno ostatn\u00ed by m\u011blo b\u00fdt podlo\u017eeno d\u016fv\u011bryhodn\u00fdmi zdroji.<\/p>\n\n\n\n<p class=\"wp-block-paragraph\">Mo\u017en\u00e1 pr\u00e1v\u011b v tom spo\u010d\u00edv\u00e1 nejd\u016fle\u017eit\u011bj\u0161\u00ed ponau\u010den\u00ed. Skute\u010dn\u00e9 \u017eivoty jen m\u00e1lokdy pokra\u010duj\u00ed podle jednoduch\u00fdch sc\u00e9n\u00e1\u0159\u016f, kter\u00e9 kolem nich vytv\u00e1\u0159ej\u00ed vir\u00e1ln\u00ed p\u0159\u00edb\u011bhy. Lid\u00e9 dosp\u00edvaj\u00ed, vztahy se m\u011bn\u00ed, d\u011bti vyr\u016fstaj\u00ed a \u017eivotn\u00ed priority se posouvaj\u00ed. \u010clov\u011bk, kter\u00e9ho ve\u0159ejnost kdysi znala kv\u016fli jedin\u00e9 mimo\u0159\u00e1dn\u00e9 ud\u00e1losti, m\u016f\u017ee po letech cht\u00edt b\u00fdt zn\u00e1m\u00fd kv\u016fli n\u011b\u010demu \u00fapln\u011b jin\u00e9mu \u2013 nebo nemus\u00ed cht\u00edt b\u00fdt ve\u0159ejn\u011b zn\u00e1m\u00fd v\u016fbec.<\/p>\n\n\n\n<p class=\"wp-block-paragraph\">Za t\u00e9m\u011b\u0159 patn\u00e1ct let se mohou z vystra\u0161en\u00fdch teenager\u016f st\u00e1t zku\u0161en\u00ed dosp\u011bl\u00ed a z novorozen\u00e9ho d\u00edt\u011bte dosp\u00edvaj\u00edc\u00ed \u010dlov\u011bk s vlastn\u00ed osobnost\u00ed a vlastn\u00edm p\u0159\u00edb\u011bhem.<\/p>\n\n\n\n<p class=\"wp-block-paragraph\">A\u0165 u\u017e se \u017eivot t\u00e9to konkr\u00e9tn\u00ed rodiny vyv\u00edjel jakkoli, podobn\u00e9 p\u0159\u00edb\u011bhy p\u0159ipom\u00ednaj\u00ed \u0161ir\u0161\u00ed skute\u010dnost: velmi \u010dasn\u00e9 rodi\u010dovstv\u00ed bychom nem\u011bli vn\u00edmat p\u0159edev\u0161\u00edm jako senzaci, ale jako slo\u017eitou lidskou situaci, kter\u00e1 se dot\u00fdk\u00e1 d\u011btstv\u00ed, rodiny, vzd\u011bl\u00e1v\u00e1n\u00ed, odpov\u011bdnosti a dlouhodob\u00e9 podpory.<\/p>\n\n\n\n<p class=\"wp-block-paragraph\">Titulek m\u016f\u017ee zaujmout na jedin\u00fd den. D\u016fsledky \u2013 a skute\u010dn\u00e9 \u017eivoty lid\u00ed za n\u00edm \u2013 v\u0161ak pokra\u010duj\u00ed po cel\u00e1 desetilet\u00ed.<\/p>\n\n\n\n<p class=\"wp-block-paragraph\"><\/p>\n","protected":false},"excerpt":{"rendered":"P\u0159\u00edb\u011bhy o mimo\u0159\u00e1dn\u011b mlad\u00fdch rodi\u010d\u00edch t\u00e9m\u011b\u0159 v\u017edy okam\u017eit\u011b p\u0159itahuj\u00ed pozornost. Naru\u0161uj\u00ed na\u0161e b\u011b\u017en\u00e9 p\u0159edstavy o d\u011btstv\u00ed, odpov\u011bdnosti, rodin\u011b a v\u011bku, kdy je \u010dlov\u011bk \n<a class=\"moretag\" href=\"https:\/\/ikuk.arminfonews.ru\/?p=9671\"> [...]<\/a>","protected":false},"author":1,"featured_media":9672,"comment_status":"open","ping_status":"open","sticky":false,"template":"","format":"standard","meta":{"footnotes":""},"categories":[1],"tags":[],"class_list":["post-9671","post","type-post","status-publish","format-standard","has-post-thumbnail","hentry","category-uncategorised"],"yoast_head":"<!-- This site is optimized with the Yoast SEO plugin v28.4 - https:\/\/yoast.com\/product\/yoast-seo-wordpress\/ -->\n<title>Kdy\u017e se d\u011btstv\u00ed st\u0159etne s rodi\u010dovstv\u00edm -<\/title>\n<meta name=\"robots\" content=\"index, follow, max-snippet:-1, max-image-preview:large, max-video-preview:-1\" \/>\n<link rel=\"canonical\" href=\"https:\/\/ikuk.arminfonews.ru\/?p=9671\" \/>\n<meta property=\"og:locale\" content=\"ru_RU\" \/>\n<meta property=\"og:type\" content=\"article\" \/>\n<meta property=\"og:title\" content=\"Kdy\u017e se d\u011btstv\u00ed st\u0159etne s rodi\u010dovstv\u00edm -\" \/>\n<meta property=\"og:description\" content=\"P\u0159\u00edb\u011bhy o mimo\u0159\u00e1dn\u011b mlad\u00fdch rodi\u010d\u00edch t\u00e9m\u011b\u0159 v\u017edy okam\u017eit\u011b p\u0159itahuj\u00ed pozornost. Naru\u0161uj\u00ed na\u0161e b\u011b\u017en\u00e9 p\u0159edstavy o d\u011btstv\u00ed, odpov\u011bdnosti, rodin\u011b a v\u011bku, kdy je \u010dlov\u011bk\" \/>\n<meta property=\"og:url\" content=\"https:\/\/ikuk.arminfonews.ru\/?p=9671\" \/>\n<meta property=\"article:published_time\" content=\"2026-09-04T05:36:28+00:00\" \/>\n<meta property=\"article:modified_time\" content=\"2026-09-04T05:36:29+00:00\" \/>\n<meta property=\"og:image\" content=\"https:\/\/ikuk.arminfonews.ru\/wp-content\/uploads\/2026\/09\/2220.png\" \/>\n\t<meta property=\"og:image:width\" content=\"1731\" \/>\n\t<meta property=\"og:image:height\" content=\"909\" \/>\n\t<meta property=\"og:image:type\" content=\"image\/png\" \/>\n<meta name=\"author\" content=\"admin\" \/>\n<meta name=\"twitter:card\" content=\"summary_large_image\" \/>\n<meta name=\"twitter:label1\" content=\"\u041d\u0430\u043f\u0438\u0441\u0430\u043d\u043e \u0430\u0432\u0442\u043e\u0440\u043e\u043c\" \/>\n\t<meta name=\"twitter:data1\" content=\"admin\" \/>\n\t<meta name=\"twitter:label2\" content=\"\u041f\u0440\u0438\u043c\u0435\u0440\u043d\u043e\u0435 \u0432\u0440\u0435\u043c\u044f \u0434\u043b\u044f \u0447\u0442\u0435\u043d\u0438\u044f\" \/>\n\t<meta name=\"twitter:data2\" content=\"9 \u043c\u0438\u043d\u0443\u0442\" \/>\n<script type=\"application\/ld+json\" class=\"yoast-schema-graph\">{\"@context\":\"https:\\\/\\\/schema.org\",\"@graph\":[{\"@type\":\"Article\",\"@id\":\"https:\\\/\\\/ikuk.arminfonews.ru\\\/?p=9671#article\",\"isPartOf\":{\"@id\":\"https:\\\/\\\/ikuk.arminfonews.ru\\\/?p=9671\"},\"author\":{\"name\":\"admin\",\"@id\":\"https:\\\/\\\/ikuk.arminfonews.ru\\\/#\\\/schema\\\/person\\\/a0f2d659891a86ef18b4c044f2ff8d9a\"},\"headline\":\"Kdy\u017e se d\u011btstv\u00ed st\u0159etne s rodi\u010dovstv\u00edm\",\"datePublished\":\"2026-09-04T05:36:28+00:00\",\"dateModified\":\"2026-09-04T05:36:29+00:00\",\"mainEntityOfPage\":{\"@id\":\"https:\\\/\\\/ikuk.arminfonews.ru\\\/?p=9671\"},\"wordCount\":2269,\"commentCount\":0,\"image\":{\"@id\":\"https:\\\/\\\/ikuk.arminfonews.ru\\\/?p=9671#primaryimage\"},\"thumbnailUrl\":\"https:\\\/\\\/ikuk.arminfonews.ru\\\/wp-content\\\/uploads\\\/2026\\\/09\\\/2220.png\",\"articleSection\":[\"NEWS\"],\"inLanguage\":\"ru-RU\",\"potentialAction\":[{\"@type\":\"CommentAction\",\"name\":\"Comment\",\"target\":[\"https:\\\/\\\/ikuk.arminfonews.ru\\\/?p=9671#respond\"]}]},{\"@type\":\"WebPage\",\"@id\":\"https:\\\/\\\/ikuk.arminfonews.ru\\\/?p=9671\",\"url\":\"https:\\\/\\\/ikuk.arminfonews.ru\\\/?p=9671\",\"name\":\"Kdy\u017e se d\u011btstv\u00ed st\u0159etne s rodi\u010dovstv\u00edm -\",\"isPartOf\":{\"@id\":\"https:\\\/\\\/ikuk.arminfonews.ru\\\/#website\"},\"primaryImageOfPage\":{\"@id\":\"https:\\\/\\\/ikuk.arminfonews.ru\\\/?p=9671#primaryimage\"},\"image\":{\"@id\":\"https:\\\/\\\/ikuk.arminfonews.ru\\\/?p=9671#primaryimage\"},\"thumbnailUrl\":\"https:\\\/\\\/ikuk.arminfonews.ru\\\/wp-content\\\/uploads\\\/2026\\\/09\\\/2220.png\",\"datePublished\":\"2026-09-04T05:36:28+00:00\",\"dateModified\":\"2026-09-04T05:36:29+00:00\",\"author\":{\"@id\":\"https:\\\/\\\/ikuk.arminfonews.ru\\\/#\\\/schema\\\/person\\\/a0f2d659891a86ef18b4c044f2ff8d9a\"},\"breadcrumb\":{\"@id\":\"https:\\\/\\\/ikuk.arminfonews.ru\\\/?p=9671#breadcrumb\"},\"inLanguage\":\"ru-RU\",\"potentialAction\":[{\"@type\":\"ReadAction\",\"target\":[\"https:\\\/\\\/ikuk.arminfonews.ru\\\/?p=9671\"]}]},{\"@type\":\"ImageObject\",\"inLanguage\":\"ru-RU\",\"@id\":\"https:\\\/\\\/ikuk.arminfonews.ru\\\/?p=9671#primaryimage\",\"url\":\"https:\\\/\\\/ikuk.arminfonews.ru\\\/wp-content\\\/uploads\\\/2026\\\/09\\\/2220.png\",\"contentUrl\":\"https:\\\/\\\/ikuk.arminfonews.ru\\\/wp-content\\\/uploads\\\/2026\\\/09\\\/2220.png\",\"width\":1731,\"height\":909},{\"@type\":\"BreadcrumbList\",\"@id\":\"https:\\\/\\\/ikuk.arminfonews.ru\\\/?p=9671#breadcrumb\",\"itemListElement\":[{\"@type\":\"ListItem\",\"position\":1,\"name\":\"\u0413\u043b\u0430\u0432\u043d\u0430\u044f \u0441\u0442\u0440\u0430\u043d\u0438\u0446\u0430\",\"item\":\"https:\\\/\\\/ikuk.arminfonews.ru\\\/\"},{\"@type\":\"ListItem\",\"position\":2,\"name\":\"Kdy\u017e se d\u011btstv\u00ed st\u0159etne s rodi\u010dovstv\u00edm\"}]},{\"@type\":\"WebSite\",\"@id\":\"https:\\\/\\\/ikuk.arminfonews.ru\\\/#website\",\"url\":\"https:\\\/\\\/ikuk.arminfonews.ru\\\/\",\"name\":\"\",\"description\":\"\",\"potentialAction\":[{\"@type\":\"SearchAction\",\"target\":{\"@type\":\"EntryPoint\",\"urlTemplate\":\"https:\\\/\\\/ikuk.arminfonews.ru\\\/?s={search_term_string}\"},\"query-input\":{\"@type\":\"PropertyValueSpecification\",\"valueRequired\":true,\"valueName\":\"search_term_string\"}}],\"inLanguage\":\"ru-RU\"},{\"@type\":\"Person\",\"@id\":\"https:\\\/\\\/ikuk.arminfonews.ru\\\/#\\\/schema\\\/person\\\/a0f2d659891a86ef18b4c044f2ff8d9a\",\"name\":\"admin\",\"image\":{\"@type\":\"ImageObject\",\"inLanguage\":\"ru-RU\",\"@id\":\"https:\\\/\\\/secure.gravatar.com\\\/avatar\\\/0ed435f9e4056e0930898ce78c89fa82fe18d3c798c761c71f1f33be878b3b0b?s=96&d=mm&r=g\",\"url\":\"https:\\\/\\\/secure.gravatar.com\\\/avatar\\\/0ed435f9e4056e0930898ce78c89fa82fe18d3c798c761c71f1f33be878b3b0b?s=96&d=mm&r=g\",\"contentUrl\":\"https:\\\/\\\/secure.gravatar.com\\\/avatar\\\/0ed435f9e4056e0930898ce78c89fa82fe18d3c798c761c71f1f33be878b3b0b?s=96&d=mm&r=g\",\"caption\":\"admin\"},\"sameAs\":[\"http:\\\/\\\/ikuk.arminfonews.ru\"],\"url\":\"https:\\\/\\\/ikuk.arminfonews.ru\\\/?author=1\"}]}<\/script>\n<!-- \/ Yoast SEO plugin. -->","yoast_head_json":{"title":"Kdy\u017e se d\u011btstv\u00ed st\u0159etne s rodi\u010dovstv\u00edm -","robots":{"index":"index","follow":"follow","max-snippet":"max-snippet:-1","max-image-preview":"max-image-preview:large","max-video-preview":"max-video-preview:-1"},"canonical":"https:\/\/ikuk.arminfonews.ru\/?p=9671","og_locale":"ru_RU","og_type":"article","og_title":"Kdy\u017e se d\u011btstv\u00ed st\u0159etne s rodi\u010dovstv\u00edm -","og_description":"P\u0159\u00edb\u011bhy o mimo\u0159\u00e1dn\u011b mlad\u00fdch rodi\u010d\u00edch t\u00e9m\u011b\u0159 v\u017edy okam\u017eit\u011b p\u0159itahuj\u00ed pozornost. Naru\u0161uj\u00ed na\u0161e b\u011b\u017en\u00e9 p\u0159edstavy o d\u011btstv\u00ed, odpov\u011bdnosti, rodin\u011b a v\u011bku, kdy je \u010dlov\u011bk","og_url":"https:\/\/ikuk.arminfonews.ru\/?p=9671","article_published_time":"2026-09-04T05:36:28+00:00","article_modified_time":"2026-09-04T05:36:29+00:00","og_image":[{"width":1731,"height":909,"url":"https:\/\/ikuk.arminfonews.ru\/wp-content\/uploads\/2026\/09\/2220.png","type":"image\/png"}],"author":"admin","twitter_card":"summary_large_image","twitter_misc":{"\u041d\u0430\u043f\u0438\u0441\u0430\u043d\u043e \u0430\u0432\u0442\u043e\u0440\u043e\u043c":"admin","\u041f\u0440\u0438\u043c\u0435\u0440\u043d\u043e\u0435 \u0432\u0440\u0435\u043c\u044f \u0434\u043b\u044f \u0447\u0442\u0435\u043d\u0438\u044f":"9 \u043c\u0438\u043d\u0443\u0442"},"schema":{"@context":"https:\/\/schema.org","@graph":[{"@type":"Article","@id":"https:\/\/ikuk.arminfonews.ru\/?p=9671#article","isPartOf":{"@id":"https:\/\/ikuk.arminfonews.ru\/?p=9671"},"author":{"name":"admin","@id":"https:\/\/ikuk.arminfonews.ru\/#\/schema\/person\/a0f2d659891a86ef18b4c044f2ff8d9a"},"headline":"Kdy\u017e se d\u011btstv\u00ed st\u0159etne s rodi\u010dovstv\u00edm","datePublished":"2026-09-04T05:36:28+00:00","dateModified":"2026-09-04T05:36:29+00:00","mainEntityOfPage":{"@id":"https:\/\/ikuk.arminfonews.ru\/?p=9671"},"wordCount":2269,"commentCount":0,"image":{"@id":"https:\/\/ikuk.arminfonews.ru\/?p=9671#primaryimage"},"thumbnailUrl":"https:\/\/ikuk.arminfonews.ru\/wp-content\/uploads\/2026\/09\/2220.png","articleSection":["NEWS"],"inLanguage":"ru-RU","potentialAction":[{"@type":"CommentAction","name":"Comment","target":["https:\/\/ikuk.arminfonews.ru\/?p=9671#respond"]}]},{"@type":"WebPage","@id":"https:\/\/ikuk.arminfonews.ru\/?p=9671","url":"https:\/\/ikuk.arminfonews.ru\/?p=9671","name":"Kdy\u017e se d\u011btstv\u00ed st\u0159etne s rodi\u010dovstv\u00edm -","isPartOf":{"@id":"https:\/\/ikuk.arminfonews.ru\/#website"},"primaryImageOfPage":{"@id":"https:\/\/ikuk.arminfonews.ru\/?p=9671#primaryimage"},"image":{"@id":"https:\/\/ikuk.arminfonews.ru\/?p=9671#primaryimage"},"thumbnailUrl":"https:\/\/ikuk.arminfonews.ru\/wp-content\/uploads\/2026\/09\/2220.png","datePublished":"2026-09-04T05:36:28+00:00","dateModified":"2026-09-04T05:36:29+00:00","author":{"@id":"https:\/\/ikuk.arminfonews.ru\/#\/schema\/person\/a0f2d659891a86ef18b4c044f2ff8d9a"},"breadcrumb":{"@id":"https:\/\/ikuk.arminfonews.ru\/?p=9671#breadcrumb"},"inLanguage":"ru-RU","potentialAction":[{"@type":"ReadAction","target":["https:\/\/ikuk.arminfonews.ru\/?p=9671"]}]},{"@type":"ImageObject","inLanguage":"ru-RU","@id":"https:\/\/ikuk.arminfonews.ru\/?p=9671#primaryimage","url":"https:\/\/ikuk.arminfonews.ru\/wp-content\/uploads\/2026\/09\/2220.png","contentUrl":"https:\/\/ikuk.arminfonews.ru\/wp-content\/uploads\/2026\/09\/2220.png","width":1731,"height":909},{"@type":"BreadcrumbList","@id":"https:\/\/ikuk.arminfonews.ru\/?p=9671#breadcrumb","itemListElement":[{"@type":"ListItem","position":1,"name":"\u0413\u043b\u0430\u0432\u043d\u0430\u044f \u0441\u0442\u0440\u0430\u043d\u0438\u0446\u0430","item":"https:\/\/ikuk.arminfonews.ru\/"},{"@type":"ListItem","position":2,"name":"Kdy\u017e se d\u011btstv\u00ed st\u0159etne s rodi\u010dovstv\u00edm"}]},{"@type":"WebSite","@id":"https:\/\/ikuk.arminfonews.ru\/#website","url":"https:\/\/ikuk.arminfonews.ru\/","name":"","description":"","potentialAction":[{"@type":"SearchAction","target":{"@type":"EntryPoint","urlTemplate":"https:\/\/ikuk.arminfonews.ru\/?s={search_term_string}"},"query-input":{"@type":"PropertyValueSpecification","valueRequired":true,"valueName":"search_term_string"}}],"inLanguage":"ru-RU"},{"@type":"Person","@id":"https:\/\/ikuk.arminfonews.ru\/#\/schema\/person\/a0f2d659891a86ef18b4c044f2ff8d9a","name":"admin","image":{"@type":"ImageObject","inLanguage":"ru-RU","@id":"https:\/\/secure.gravatar.com\/avatar\/0ed435f9e4056e0930898ce78c89fa82fe18d3c798c761c71f1f33be878b3b0b?s=96&d=mm&r=g","url":"https:\/\/secure.gravatar.com\/avatar\/0ed435f9e4056e0930898ce78c89fa82fe18d3c798c761c71f1f33be878b3b0b?s=96&d=mm&r=g","contentUrl":"https:\/\/secure.gravatar.com\/avatar\/0ed435f9e4056e0930898ce78c89fa82fe18d3c798c761c71f1f33be878b3b0b?s=96&d=mm&r=g","caption":"admin"},"sameAs":["http:\/\/ikuk.arminfonews.ru"],"url":"https:\/\/ikuk.arminfonews.ru\/?author=1"}]}},"_links":{"self":[{"href":"https:\/\/ikuk.arminfonews.ru\/index.php?rest_route=\/wp\/v2\/posts\/9671","targetHints":{"allow":["GET"]}}],"collection":[{"href":"https:\/\/ikuk.arminfonews.ru\/index.php?rest_route=\/wp\/v2\/posts"}],"about":[{"href":"https:\/\/ikuk.arminfonews.ru\/index.php?rest_route=\/wp\/v2\/types\/post"}],"author":[{"embeddable":true,"href":"https:\/\/ikuk.arminfonews.ru\/index.php?rest_route=\/wp\/v2\/users\/1"}],"replies":[{"embeddable":true,"href":"https:\/\/ikuk.arminfonews.ru\/index.php?rest_route=%2Fwp%2Fv2%2Fcomments&post=9671"}],"version-history":[{"count":1,"href":"https:\/\/ikuk.arminfonews.ru\/index.php?rest_route=\/wp\/v2\/posts\/9671\/revisions"}],"predecessor-version":[{"id":9673,"href":"https:\/\/ikuk.arminfonews.ru\/index.php?rest_route=\/wp\/v2\/posts\/9671\/revisions\/9673"}],"wp:featuredmedia":[{"embeddable":true,"href":"https:\/\/ikuk.arminfonews.ru\/index.php?rest_route=\/wp\/v2\/media\/9672"}],"wp:attachment":[{"href":"https:\/\/ikuk.arminfonews.ru\/index.php?rest_route=%2Fwp%2Fv2%2Fmedia&parent=9671"}],"wp:term":[{"taxonomy":"category","embeddable":true,"href":"https:\/\/ikuk.arminfonews.ru\/index.php?rest_route=%2Fwp%2Fv2%2Fcategories&post=9671"},{"taxonomy":"post_tag","embeddable":true,"href":"https:\/\/ikuk.arminfonews.ru\/index.php?rest_route=%2Fwp%2Fv2%2Ftags&post=9671"}],"curies":[{"name":"wp","href":"https:\/\/api.w.org\/{rel}","templated":true}]}}